{"id":3233,"date":"2024-11-22T08:05:00","date_gmt":"2024-11-22T11:05:00","guid":{"rendered":"https:\/\/amororaima.com.br\/?p=3233"},"modified":"2024-11-22T09:07:42","modified_gmt":"2024-11-22T12:07:42","slug":"homem-e-preso-na-zona-oeste-de-boa-vista-suspeito-de-estuprar-filha-de-13-anos-mae-e-investigada-por-omissao","status":"publish","type":"post","link":"https:\/\/amororaima.com.br\/index.php\/2024\/11\/22\/homem-e-preso-na-zona-oeste-de-boa-vista-suspeito-de-estuprar-filha-de-13-anos-mae-e-investigada-por-omissao\/","title":{"rendered":"Homem \u00e9 preso na zona oeste de Boa Vista suspeito de estuprar filha de 13 anos; m\u00e3e \u00e9 investigada por omiss\u00e3o"},"content":{"rendered":"\n<p>Um venezuelano foi preso nesta quinta-feira (21) no bairro Buritis, zona oeste de Boa Vista, suspeito de estuprar a filha de 13 anos. De acordo com a pol\u00edcia, a fam\u00edlia vivia na fronteira entre a Col\u00f4mbia e a Venezuela antes de fugir para o Brasil h\u00e1 um m\u00eas, abrigando-se no Jardim Floresta.<\/p>\n\n\n\n<p>A m\u00e3e ficou sabendo do crime quando a menina tinha 12 anos. O homem foi acusado pelas autoridades colombianas e fugiu com a fam\u00edlia, inclusive a mulher e a v\u00edtima, inicialmente para a Venezuela, evitando, assim, a pris\u00e3o.<\/p>\n\n\n\n<p>Conforme relato da garota, ela come\u00e7ou a ser violentada quando tinha seis anos. Em novembro deste ano, ele a estuprou novamente. A adolescente tamb\u00e9m revelou que faz uso de um implante contraceptivo, colocado sob a orienta\u00e7\u00e3o da m\u00e3e.<\/p>\n\n\n\n<p>Segundo o adjunto da Delegacia de Prote\u00e7\u00e3o \u00e0 Crian\u00e7a e ao Adolescente (DPCA), Matheus Rezende, servidores do abrigo onde a fam\u00edlia vivia passaram a desconfiar dos abusos e a jovem confidenciou que vinha sofrendo viol\u00eancia sexual. Ela e a m\u00e3e foram levadas \u00e0 delegacia para denunciar o caso.<\/p>\n\n\n\n<p>Rezende pediu a pris\u00e3o do acusado, que foi deferida pela Justi\u00e7a. Ap\u00f3s ser localizado, o homem, de 31 anos, teve a pris\u00e3o formalizada na DPCA. Nesta sexta-feira (22), ele passaria por audi\u00eancia de cust\u00f3dia.<\/p>\n\n\n\n<p>O delegado informou ainda que a m\u00e3e da adolescente \u00e9 investigada por omiss\u00e3o, uma vez que ela tinha conhecimento dos fatos.<\/p>\n","protected":false},"excerpt":{"rendered":"<p>Um venezuelano foi preso nesta quinta-feira (21) no bairro Buritis, zona oeste de Boa Vista, suspeito de estuprar a filha de 13 anos. De acordo com a pol\u00edcia, a fam\u00edlia vivia na fronteira entre a Col\u00f4mbia e a Venezuela antes de fugir para o Brasil h\u00e1 um m\u00eas, abrigando-se no Jardim Floresta. A m\u00e3e ficou [&hellip;]<\/p>\n","protected":false},"author":123458,"featured_media":3234,"comment_status":"closed","ping_status":"closed","sticky":false,"template":"","format":"standard","meta":{"footnotes":""},"categories":[34,20],"tags":[111,1301,273,275,1300,240],"class_list":["post-3233","post","type-post","status-publish","format-standard","has-post-thumbnail","hentry","category-policia","category-roraima","tag-boa-vista","tag-buritis","tag-dpca","tag-estupro-de-vulneravel","tag-jardim-floresta","tag-zona-oeste"],"_links":{"self":[{"href":"https:\/\/amororaima.com.br\/index.php\/wp-json\/wp\/v2\/posts\/3233","targetHints":{"allow":["GET"]}}],"collection":[{"href":"https:\/\/amororaima.com.br\/index.php\/wp-json\/wp\/v2\/posts"}],"about":[{"href":"https:\/\/amororaima.com.br\/index.php\/wp-json\/wp\/v2\/types\/post"}],"author":[{"embeddable":true,"href":"https:\/\/amororaima.com.br\/index.php\/wp-json\/wp\/v2\/users\/123458"}],"replies":[{"embeddable":true,"href":"https:\/\/amororaima.com.br\/index.php\/wp-json\/wp\/v2\/comments?post=3233"}],"version-history":[{"count":1,"href":"https:\/\/amororaima.com.br\/index.php\/wp-json\/wp\/v2\/posts\/3233\/revisions"}],"predecessor-version":[{"id":3235,"href":"https:\/\/amororaima.com.br\/index.php\/wp-json\/wp\/v2\/posts\/3233\/revisions\/3235"}],"wp:featuredmedia":[{"embeddable":true,"href":"https:\/\/amororaima.com.br\/index.php\/wp-json\/wp\/v2\/media\/3234"}],"wp:attachment":[{"href":"https:\/\/amororaima.com.br\/index.php\/wp-json\/wp\/v2\/media?parent=3233"}],"wp:term":[{"taxonomy":"category","embeddable":true,"href":"https:\/\/amororaima.com.br\/index.php\/wp-json\/wp\/v2\/categories?post=3233"},{"taxonomy":"post_tag","embeddable":true,"href":"https:\/\/amororaima.com.br\/index.php\/wp-json\/wp\/v2\/tags?post=3233"}],"curies":[{"name":"wp","href":"https:\/\/api.w.org\/{rel}","templated":true}]}}