{"id":3156,"date":"2024-11-15T12:53:00","date_gmt":"2024-11-15T15:53:00","guid":{"rendered":"https:\/\/amororaima.com.br\/?p=3156"},"modified":"2024-11-15T13:57:07","modified_gmt":"2024-11-15T16:57:07","slug":"jovem-com-passagens-por-estupro-e-homicidio-e-preso-suspeito-de-violentar-e-engravidar-sobrinha-de-13-anos-em-boa-vista","status":"publish","type":"post","link":"https:\/\/amororaima.com.br\/index.php\/2024\/11\/15\/jovem-com-passagens-por-estupro-e-homicidio-e-preso-suspeito-de-violentar-e-engravidar-sobrinha-de-13-anos-em-boa-vista\/","title":{"rendered":"Jovem com passagens por estupro e homic\u00eddio \u00e9 preso suspeito de violentar e engravidar sobrinha de 13 anos em Boa Vista"},"content":{"rendered":"\n<p>Um jovem foi preso nesta sexta-feira (15) no bairro Cidade Sat\u00e9lite, zona oeste de Boa Vista, suspeito de estuprar e engravidar a sobrinha, de 13 anos. &nbsp;Segundo a pol\u00edcia, ele possui extensa ficha criminal, com passagens por estupro, homic\u00eddio qualificado e furto, sendo considerado de alta periculosidade.<\/p>\n\n\n\n<p>De acordo com Matheus Rezende, adjunto da Delegacia de Prote\u00e7\u00e3o \u00e0 Crian\u00e7a e ao Adolescente (DPCA), o investigado, de 19 anos, \u00e9 irm\u00e3o da m\u00e3e da v\u00edtima.<\/p>\n\n\n\n<p>A viol\u00eancia sexual come\u00e7ou quando a adolescente tinha dez anos, com \u201cinvestidas abusivas\u201d e \u201ctoques inapropriados\u201d, at\u00e9 acontecer o estupro em setembro deste ano, conforme apontam as investiga\u00e7\u00f5es.<\/p>\n\n\n\n<p>O crime ocorreu numa madrugada enquanto a v\u00edtima estava na casa da av\u00f3, sendo revelado \u00e0 m\u00e3e pela adolescente meses depois. Levada ao m\u00e9dico, a gravidez foi confirmada.<\/p>\n\n\n\n<p>Ap\u00f3s a den\u00fancia, a v\u00edtima foi encaminhada \u00e0 Maternidade Nossa Senhora de Nazareth, onde recebeu atendimento m\u00e9dico, psicol\u00f3gico e passou por procedimentos de profilaxia e aborto legal.<\/p>\n\n\n\n<p>\u201cA gravidade do crime e o hist\u00f3rico motivaram a solicita\u00e7\u00e3o da pris\u00e3o preventiva, que foi cumprida para garantir a seguran\u00e7a da v\u00edtima e da sociedade\u201d, afirmou o delegado.<\/p>\n","protected":false},"excerpt":{"rendered":"<p>Um jovem foi preso nesta sexta-feira (15) no bairro Cidade Sat\u00e9lite, zona oeste de Boa Vista, suspeito de estuprar e engravidar a sobrinha, de 13 anos. &nbsp;Segundo a pol\u00edcia, ele possui extensa ficha criminal, com passagens por estupro, homic\u00eddio qualificado e furto, sendo considerado de alta periculosidade. De acordo com Matheus Rezende, adjunto da Delegacia [&hellip;]<\/p>\n","protected":false},"author":123458,"featured_media":3157,"comment_status":"closed","ping_status":"closed","sticky":false,"template":"","format":"standard","meta":{"footnotes":""},"categories":[34,20],"tags":[111,365,273,275,240],"class_list":["post-3156","post","type-post","status-publish","format-standard","has-post-thumbnail","hentry","category-policia","category-roraima","tag-boa-vista","tag-cidade-satelite","tag-dpca","tag-estupro-de-vulneravel","tag-zona-oeste"],"_links":{"self":[{"href":"https:\/\/amororaima.com.br\/index.php\/wp-json\/wp\/v2\/posts\/3156","targetHints":{"allow":["GET"]}}],"collection":[{"href":"https:\/\/amororaima.com.br\/index.php\/wp-json\/wp\/v2\/posts"}],"about":[{"href":"https:\/\/amororaima.com.br\/index.php\/wp-json\/wp\/v2\/types\/post"}],"author":[{"embeddable":true,"href":"https:\/\/amororaima.com.br\/index.php\/wp-json\/wp\/v2\/users\/123458"}],"replies":[{"embeddable":true,"href":"https:\/\/amororaima.com.br\/index.php\/wp-json\/wp\/v2\/comments?post=3156"}],"version-history":[{"count":1,"href":"https:\/\/amororaima.com.br\/index.php\/wp-json\/wp\/v2\/posts\/3156\/revisions"}],"predecessor-version":[{"id":3158,"href":"https:\/\/amororaima.com.br\/index.php\/wp-json\/wp\/v2\/posts\/3156\/revisions\/3158"}],"wp:featuredmedia":[{"embeddable":true,"href":"https:\/\/amororaima.com.br\/index.php\/wp-json\/wp\/v2\/media\/3157"}],"wp:attachment":[{"href":"https:\/\/amororaima.com.br\/index.php\/wp-json\/wp\/v2\/media?parent=3156"}],"wp:term":[{"taxonomy":"category","embeddable":true,"href":"https:\/\/amororaima.com.br\/index.php\/wp-json\/wp\/v2\/categories?post=3156"},{"taxonomy":"post_tag","embeddable":true,"href":"https:\/\/amororaima.com.br\/index.php\/wp-json\/wp\/v2\/tags?post=3156"}],"curies":[{"name":"wp","href":"https:\/\/api.w.org\/{rel}","templated":true}]}}