{"id":3115,"date":"2024-11-13T06:00:00","date_gmt":"2024-11-13T09:00:00","guid":{"rendered":"https:\/\/amororaima.com.br\/?p=3115"},"modified":"2024-11-13T00:35:38","modified_gmt":"2024-11-13T03:35:38","slug":"federalizacao-de-rodovia-em-roraima-segue-para-ccj-apos-projeto-ser-aprovado","status":"publish","type":"post","link":"https:\/\/amororaima.com.br\/index.php\/2024\/11\/13\/federalizacao-de-rodovia-em-roraima-segue-para-ccj-apos-projeto-ser-aprovado\/","title":{"rendered":"Federaliza\u00e7\u00e3o de rodovia em Roraima segue para CCJ ap\u00f3s projeto ser aprovado"},"content":{"rendered":"\n<p>Nesta ter\u00e7a-feira (12), a Comiss\u00e3o de Infraestrutura (CI) aprovou o projeto que passa para a malha federal a RR-171, rodovia que liga o norte de Roraima \u00e0 BR-433 (PL 3.545\/2023). Ele segue agora para a Comiss\u00e3o de Constitui\u00e7\u00e3o e Justi\u00e7a (CCJ), que vai dar a palavra final.<\/p>\n\n\n\n<p>O projeto \u00e9 do senador Mecias de Jesus (Republicanos-RR) e recebeu parecer favor\u00e1vel do senador Chico Rodrigues (PSB-RR). Segundo Mecias, o objetivo da federaliza\u00e7\u00e3o \u00e9 garantir o escoamento da produ\u00e7\u00e3o, estimular o desenvolvimento regional e promover o crescimento de comunidades do interior do Estado.<\/p>\n\n\n\n<p>Relator da proposta, Chico Rodrigues aponta que os investimentos em infraestrutura para Roraima s\u00e3o limitados pela car\u00eancia de recursos pr\u00f3prios. De acordo com ele, o Estado tem muitas \u00e1reas protegidas, o que limita a arrecada\u00e7\u00e3o.<\/p>\n\n\n\n<p>\u201cFaz-se necess\u00e1ria a solidariedade do restante do pa\u00eds, com recursos federais, para que Roraima seja dotado de uma infraestrutura m\u00ednima de transportes que promova sua economia\u201d, afirma o senador no seu relat\u00f3rio.<\/p>\n\n\n\n<p>A RR-171 liga Uiramut\u00e3, no extremo norte roraimense, \u00e0s rodovias federais que conectam o Estado. O munic\u00edpio fica dentro da Reserva Ind\u00edgena Raposa Serra do Sol e inclui o Parque Nacional do Monte Roraima, onde est\u00e1 o ponto setentrional m\u00e1ximo do territ\u00f3rio brasileiro.<\/p>\n","protected":false},"excerpt":{"rendered":"<p>Nesta ter\u00e7a-feira (12), a Comiss\u00e3o de Infraestrutura (CI) aprovou o projeto que passa para a malha federal a RR-171, rodovia que liga o norte de Roraima \u00e0 BR-433 (PL 3.545\/2023). Ele segue agora para a Comiss\u00e3o de Constitui\u00e7\u00e3o e Justi\u00e7a (CCJ), que vai dar a palavra final. O projeto \u00e9 do senador Mecias de Jesus [&hellip;]<\/p>\n","protected":false},"author":123458,"featured_media":3116,"comment_status":"closed","ping_status":"closed","sticky":false,"template":"","format":"standard","meta":{"footnotes":""},"categories":[31,20],"tags":[1206,1117,1205,1207,1204,435,360],"class_list":["post-3115","post","type-post","status-publish","format-standard","has-post-thumbnail","hentry","category-politica","category-roraima","tag-br-433","tag-ccj","tag-federalizacao","tag-raposa-serra-do-sol","tag-rr-171","tag-senado","tag-uiramuta"],"_links":{"self":[{"href":"https:\/\/amororaima.com.br\/index.php\/wp-json\/wp\/v2\/posts\/3115","targetHints":{"allow":["GET"]}}],"collection":[{"href":"https:\/\/amororaima.com.br\/index.php\/wp-json\/wp\/v2\/posts"}],"about":[{"href":"https:\/\/amororaima.com.br\/index.php\/wp-json\/wp\/v2\/types\/post"}],"author":[{"embeddable":true,"href":"https:\/\/amororaima.com.br\/index.php\/wp-json\/wp\/v2\/users\/123458"}],"replies":[{"embeddable":true,"href":"https:\/\/amororaima.com.br\/index.php\/wp-json\/wp\/v2\/comments?post=3115"}],"version-history":[{"count":2,"href":"https:\/\/amororaima.com.br\/index.php\/wp-json\/wp\/v2\/posts\/3115\/revisions"}],"predecessor-version":[{"id":3118,"href":"https:\/\/amororaima.com.br\/index.php\/wp-json\/wp\/v2\/posts\/3115\/revisions\/3118"}],"wp:featuredmedia":[{"embeddable":true,"href":"https:\/\/amororaima.com.br\/index.php\/wp-json\/wp\/v2\/media\/3116"}],"wp:attachment":[{"href":"https:\/\/amororaima.com.br\/index.php\/wp-json\/wp\/v2\/media?parent=3115"}],"wp:term":[{"taxonomy":"category","embeddable":true,"href":"https:\/\/amororaima.com.br\/index.php\/wp-json\/wp\/v2\/categories?post=3115"},{"taxonomy":"post_tag","embeddable":true,"href":"https:\/\/amororaima.com.br\/index.php\/wp-json\/wp\/v2\/tags?post=3115"}],"curies":[{"name":"wp","href":"https:\/\/api.w.org\/{rel}","templated":true}]}}