{"id":3089,"date":"2024-11-11T18:51:00","date_gmt":"2024-11-11T21:51:00","guid":{"rendered":"https:\/\/amororaima.com.br\/?p=3089"},"modified":"2024-11-11T19:52:58","modified_gmt":"2024-11-11T22:52:58","slug":"problemas-no-sistema-biometrico-da-policia-civil-de-roraima-adiam-emissao-de-rg-para-autistas-e-familiares-atendidos-pelo-teamarr","status":"publish","type":"post","link":"https:\/\/amororaima.com.br\/index.php\/2024\/11\/11\/problemas-no-sistema-biometrico-da-policia-civil-de-roraima-adiam-emissao-de-rg-para-autistas-e-familiares-atendidos-pelo-teamarr\/","title":{"rendered":"Problemas no sistema biom\u00e9trico da Pol\u00edcia Civil de Roraima adiam emiss\u00e3o de RG para autistas e familiares atendidos pelo Teamarr"},"content":{"rendered":"\n<p>O sistema de integra\u00e7\u00e3o e processamento de dados biom\u00e9tricos para emiss\u00e3o de RG da Pol\u00edcia Civil de Roraima (PCRR) permanece fora do ar devido a danos causados por descargas el\u00e9tricas. Por esse motivo, <a href=\"https:\/\/amororaima.com.br\/index.php\/2024\/11\/07\/centro-de-acolhimento-da-ale-rr-e-casa-do-cidadao-emitem-rg-para-autistas-e-familiares-neste-sabado\/\" target=\"_blank\" rel=\"noreferrer noopener\"><strong>os documentos que seriam emitidos no s\u00e1bado (9)<\/strong><\/a>, para autistas e seus familiares, podem ser retirados desta ter\u00e7a (12) at\u00e9 quinta-feira (14), das 8h \u00e0s 12h e das 14h \u00e0s 18h, e ainda no dia 16, das 8h \u00e0s 12h, na sede do \u00f3rg\u00e3o, conforme informou a Assembleia Legislativa do Estado (ALE-RR) nesta segunda (11).<\/p>\n\n\n\n<p>\u201cEstamos em contato com a Casa do Cidad\u00e3o, que informou que est\u00e3o tentando solucionar o problema, e que, amanh\u00e3 [ter\u00e7a], provavelmente teremos atendimento normal no Centro de Acolhimento Autista (Teamarr). Esperamos que o sistema seja restabelecido hoje para que possamos promover essa a\u00e7\u00e3o em parceria com a comunidade autista e seus familiares\u201d, declarou a servidora do \u00f3rg\u00e3o Caroline Martins.<\/p>\n\n\n\n<p>Para solicitar a emiss\u00e3o da 1\u00aa ou 2\u00aa via do RG estadual padr\u00e3o ou do novo Documento Nacional de Identidade (DNI), os interessados devem agendar o servi\u00e7o preenchendo o formul\u00e1rio dispon\u00edvel no link:&nbsp;https:\/\/forms.gle\/Rn5pBecFJp5oWK8C7. S\u00e3o oferecidas 80 vagas di\u00e1rias, divididas em 40 para cada turno. No s\u00e1bado, os atendimentos ocorrer\u00e3o apenas pela manh\u00e3.<\/p>\n\n\n\n<p>Os documentos necess\u00e1rios para a emiss\u00e3o da primeira via s\u00e3o: original e c\u00f3pia da certid\u00e3o de nascimento e\/ou casamento, comprovante de resid\u00eancia e laudo m\u00e9dico. Para a segunda via, al\u00e9m dos documentos listados, \u00e9 necess\u00e1rio o pagamento da taxa do Documento de Arrecada\u00e7\u00e3o de Receitas Estaduais (Dare).<\/p>\n\n\n\n<p><strong>O programa<\/strong><\/p>\n\n\n\n<p>O Teamarr da Assembleia Legislativa oferece atendimento a pessoas diagnosticadas com transtorno do espectro autista (TEA), incluindo terapias, encaminhamentos e capacita\u00e7\u00e3o para familiares e profissionais da sa\u00fade.<\/p>\n\n\n\n<p>O atendimento \u00e9 personalizado e, conforme a necessidade, conta com o apoio de nutricionista, fonoaudi\u00f3logo, psic\u00f3logo, neuropsic\u00f3logo, educador f\u00edsico, assistente social e consultoria jur\u00eddica.<\/p>\n\n\n\n<p>A unidade funciona na Avenida Santos Dumont, 1.193, bairro S\u00e3o Francisco, de segunda a sexta-feira, das 8h \u00e0s 18h.<\/p>\n","protected":false},"excerpt":{"rendered":"<p>O sistema de integra\u00e7\u00e3o e processamento de dados biom\u00e9tricos para emiss\u00e3o de RG da Pol\u00edcia Civil de Roraima (PCRR) permanece fora do ar devido a danos causados por descargas el\u00e9tricas. Por esse motivo, os documentos que seriam emitidos no s\u00e1bado (9), para autistas e seus familiares, podem ser retirados desta ter\u00e7a (12) at\u00e9 quinta-feira (14), [&hellip;]<\/p>\n","protected":false},"author":123458,"featured_media":3090,"comment_status":"closed","ping_status":"closed","sticky":false,"template":"","format":"standard","meta":{"footnotes":""},"categories":[174,20],"tags":[71,1191,1111,1109,1192,505,1107],"class_list":["post-3089","post","type-post","status-publish","format-standard","has-post-thumbnail","hentry","category-direitos-humanos","category-roraima","tag-ale-rr","tag-autistas","tag-casa-do-cidadao","tag-dni","tag-policia-civil-de-roraima-2","tag-rg","tag-teamarr"],"_links":{"self":[{"href":"https:\/\/amororaima.com.br\/index.php\/wp-json\/wp\/v2\/posts\/3089","targetHints":{"allow":["GET"]}}],"collection":[{"href":"https:\/\/amororaima.com.br\/index.php\/wp-json\/wp\/v2\/posts"}],"about":[{"href":"https:\/\/amororaima.com.br\/index.php\/wp-json\/wp\/v2\/types\/post"}],"author":[{"embeddable":true,"href":"https:\/\/amororaima.com.br\/index.php\/wp-json\/wp\/v2\/users\/123458"}],"replies":[{"embeddable":true,"href":"https:\/\/amororaima.com.br\/index.php\/wp-json\/wp\/v2\/comments?post=3089"}],"version-history":[{"count":1,"href":"https:\/\/amororaima.com.br\/index.php\/wp-json\/wp\/v2\/posts\/3089\/revisions"}],"predecessor-version":[{"id":3091,"href":"https:\/\/amororaima.com.br\/index.php\/wp-json\/wp\/v2\/posts\/3089\/revisions\/3091"}],"wp:featuredmedia":[{"embeddable":true,"href":"https:\/\/amororaima.com.br\/index.php\/wp-json\/wp\/v2\/media\/3090"}],"wp:attachment":[{"href":"https:\/\/amororaima.com.br\/index.php\/wp-json\/wp\/v2\/media?parent=3089"}],"wp:term":[{"taxonomy":"category","embeddable":true,"href":"https:\/\/amororaima.com.br\/index.php\/wp-json\/wp\/v2\/categories?post=3089"},{"taxonomy":"post_tag","embeddable":true,"href":"https:\/\/amororaima.com.br\/index.php\/wp-json\/wp\/v2\/tags?post=3089"}],"curies":[{"name":"wp","href":"https:\/\/api.w.org\/{rel}","templated":true}]}}