{"id":3023,"date":"2024-11-07T10:11:00","date_gmt":"2024-11-07T13:11:00","guid":{"rendered":"https:\/\/amororaima.com.br\/?p=3023"},"modified":"2024-11-07T11:12:25","modified_gmt":"2024-11-07T14:12:25","slug":"indigenas-de-roraima-intensificam-mobilizacao-contra-pec-do-marco-temporal-e-cobram-presenca-de-autor-da-proposta","status":"publish","type":"post","link":"https:\/\/amororaima.com.br\/index.php\/2024\/11\/07\/indigenas-de-roraima-intensificam-mobilizacao-contra-pec-do-marco-temporal-e-cobram-presenca-de-autor-da-proposta\/","title":{"rendered":"Ind\u00edgenas de Roraima intensificam mobiliza\u00e7\u00e3o contra PEC do marco temporal e cobram presen\u00e7a de autor da proposta"},"content":{"rendered":"\n<p>H\u00e1 nove dias mobilizados na Comunidade Sabi\u00e1, localizada na Terra Ind\u00edgena (TI) S\u00e3o Marcos, \u00e0s margens da BR-174, povos ind\u00edgenas de Roraima enviaram, nesta quarta-feira (6),&nbsp;uma <strong><a href=\"https:\/\/cimi.org.br\/wp-content\/uploads\/2024\/11\/CARTA-FINAL-MOVIMENTO-INDIGENA-DE-RORAIMA.pdf\" target=\"_blank\" rel=\"noreferrer noopener\">carta<\/a>&nbsp;<\/strong>\u00e0s autoridades p\u00fablicas e reivindicam a presen\u00e7a do senador Hiran Gon\u00e7alves (PP\/RR), autor da Proposta de Emenda \u00e0 Constitui\u00e7\u00e3o (PEC) 48\/2023, que busca instituir a tese do marco temporal. A rodovia \u00e9 uma das principais do Estado e faz fronteira com a Venezuela.<\/p>\n\n\n\n<p>De cocares, pinturas, trajados de vestimentas tradicionais, com cantos e dan\u00e7as, lideran\u00e7as ind\u00edgenas, jovens, mulheres e crian\u00e7as, intensificaram o movimento iniciado em 29 de outubro, um dia antes da poss\u00edvel discuss\u00e3o da PEC 48 na Comiss\u00e3o de Constitui\u00e7\u00e3o, Justi\u00e7a e Cidadania (CCJC) do Senado Federal. A proposta n\u00e3o foi pautada, por\u00e9m, h\u00e1 movimenta\u00e7\u00f5es para que ela seja discutida na pr\u00f3xima sess\u00e3o.<\/p>\n\n\n\n<p>As lideran\u00e7as ind\u00edgenas de Roraima enviaram uma carta a autoridades p\u00fablicas, como o presidente da Rep\u00fablica, Lula da Silva (PT), aos ministros do Supremo Tribunal Federal (STF), incluindo o relator da mesa de concilia\u00e7\u00e3o da Lei 14.701, Gilmar Mendes, e aos parlamentares. No documento, os ind\u00edgenas refor\u00e7am que a mobiliza\u00e7\u00e3o \u00e9 um ato de resist\u00eancia e demonstram o direito de existir.<\/p>\n\n\n\n<p>\u201cNossa luta n\u00e3o \u00e9 apenas uma quest\u00e3o de sobreviv\u00eancia f\u00edsica, \u00e9 tamb\u00e9m uma de preserva\u00e7\u00e3o de nossos valores, cultura e dignidade. E, por isso, n\u00e3o nos calaremos enquanto nossos direitos e nossos territ\u00f3rios estiverem amea\u00e7ados, sendo invadidos, e nosso povo, massacrado. Nossa voz \u00e9 a voz viva da Terra, dos rios e das florestas. E ela n\u00e3o ser\u00e1 silenciada\u201d, diz o trecho.<\/p>\n\n\n\n<p>As lideran\u00e7as pedem ainda o arquivamento da PEC 48, da Lei 14.701 e outras propostas de lei que violam os direitos ind\u00edgenas.<\/p>\n\n\n\n<p>\u201cDiante dessa ofensiva, reivindicamos a suspens\u00e3o imediata da Lei 14.701\/2023, o arquivamento definitivo das PECs e PLs [projetos de lei], reivindicam, pedindo tamb\u00e9m respeito \u00e0 Constitui\u00e7\u00e3o, aos tratados internacionais e demais inst\u00e2ncias que garantem os direitos dos povos.<\/p>\n\n\n\n<p>O movimento refor\u00e7a ainda o pedido de di\u00e1logo com as autoridades, sobretudo com o senador Hiran Gon\u00e7alves, que at\u00e9 o momento se recusa a atender \u00e0 demanda dos povos de Roraima.<\/p>\n\n\n\n<p>O movimento fez um novo bloqueio na BR, onde pretende permanecer.<\/p>\n\n\n\n<p>\u201cN\u00e3o vamos sair daqui, enquanto a PEC e a lei n\u00e3o forem suspensas no Senado e no Supremo. N\u00e3o vamos negociar nossos direitos\u201d, alertam as lideran\u00e7as.<\/p>\n\n\n\n<p>Participam da mobiliza\u00e7\u00e3o aproximadamente dois mil ind\u00edgenas de v\u00e1rias regi\u00f5es do Estado, dos povos ind\u00edgenas Macuxi, Wapichana, Taurepang, Sapar\u00e1, Ingarik\u00f3, Patamona e Wai-Wai.<\/p>\n\n\n\n<p>Al\u00e9m do Acampamento Terra Livre (ATL) na Bahia, Roraima \u00e9 o \u00fanico estado que permanece em mobiliza\u00e7\u00e3o.<\/p>\n\n\n\n<p><strong><em>Com informa\u00e7\u00f5es do Cimi<\/em><\/strong><\/p>\n","protected":false},"excerpt":{"rendered":"<p>H\u00e1 nove dias mobilizados na Comunidade Sabi\u00e1, localizada na Terra Ind\u00edgena (TI) S\u00e3o Marcos, \u00e0s margens da BR-174, povos ind\u00edgenas de Roraima enviaram, nesta quarta-feira (6),&nbsp;uma carta&nbsp;\u00e0s autoridades p\u00fablicas e reivindicam a presen\u00e7a do senador Hiran Gon\u00e7alves (PP\/RR), autor da Proposta de Emenda \u00e0 Constitui\u00e7\u00e3o (PEC) 48\/2023, que busca instituir a tese do marco temporal. [&hellip;]<\/p>\n","protected":false},"author":123458,"featured_media":3024,"comment_status":"closed","ping_status":"closed","sticky":false,"template":"","format":"standard","meta":{"footnotes":""},"categories":[31,20],"tags":[1117,1045,1118,1046,1119,1048,1120,1047,435,53,1043,1049,466],"class_list":["post-3023","post","type-post","status-publish","format-standard","has-post-thumbnail","hentry","category-politica","category-roraima","tag-ccj","tag-ingariko","tag-lei-14-701","tag-macuxi","tag-marco-temporal","tag-patamona","tag-pec-48","tag-sapara","tag-senado","tag-stf","tag-taurepang","tag-wai-wai","tag-wapichana"],"_links":{"self":[{"href":"https:\/\/amororaima.com.br\/index.php\/wp-json\/wp\/v2\/posts\/3023","targetHints":{"allow":["GET"]}}],"collection":[{"href":"https:\/\/amororaima.com.br\/index.php\/wp-json\/wp\/v2\/posts"}],"about":[{"href":"https:\/\/amororaima.com.br\/index.php\/wp-json\/wp\/v2\/types\/post"}],"author":[{"embeddable":true,"href":"https:\/\/amororaima.com.br\/index.php\/wp-json\/wp\/v2\/users\/123458"}],"replies":[{"embeddable":true,"href":"https:\/\/amororaima.com.br\/index.php\/wp-json\/wp\/v2\/comments?post=3023"}],"version-history":[{"count":1,"href":"https:\/\/amororaima.com.br\/index.php\/wp-json\/wp\/v2\/posts\/3023\/revisions"}],"predecessor-version":[{"id":3025,"href":"https:\/\/amororaima.com.br\/index.php\/wp-json\/wp\/v2\/posts\/3023\/revisions\/3025"}],"wp:featuredmedia":[{"embeddable":true,"href":"https:\/\/amororaima.com.br\/index.php\/wp-json\/wp\/v2\/media\/3024"}],"wp:attachment":[{"href":"https:\/\/amororaima.com.br\/index.php\/wp-json\/wp\/v2\/media?parent=3023"}],"wp:term":[{"taxonomy":"category","embeddable":true,"href":"https:\/\/amororaima.com.br\/index.php\/wp-json\/wp\/v2\/categories?post=3023"},{"taxonomy":"post_tag","embeddable":true,"href":"https:\/\/amororaima.com.br\/index.php\/wp-json\/wp\/v2\/tags?post=3023"}],"curies":[{"name":"wp","href":"https:\/\/api.w.org\/{rel}","templated":true}]}}