{"id":2952,"date":"2024-11-03T15:00:00","date_gmt":"2024-11-03T18:00:00","guid":{"rendered":"https:\/\/amororaima.com.br\/?p=2952"},"modified":"2024-11-01T23:54:52","modified_gmt":"2024-11-02T02:54:52","slug":"contrato-de-alimentacao-de-r-44-milhoes-leva-melhorias-para-indigenas-na-casai-leste-em-boa-vista-informa-ministerio","status":"publish","type":"post","link":"https:\/\/amororaima.com.br\/index.php\/2024\/11\/03\/contrato-de-alimentacao-de-r-44-milhoes-leva-melhorias-para-indigenas-na-casai-leste-em-boa-vista-informa-ministerio\/","title":{"rendered":"Contrato de alimenta\u00e7\u00e3o de R$ 4,4 milh\u00f5es leva melhorias para ind\u00edgenas na Casai Leste em Boa Vista, informa minist\u00e9rio"},"content":{"rendered":"\n<p>Um contrato in\u00e9dito de alimenta\u00e7\u00e3o levou melhorias significativas para a nutri\u00e7\u00e3o e assist\u00eancia aos ind\u00edgenas e seus acompanhantes, abrigados na Casa de Sa\u00fade Ind\u00edgena (Casai) Leste, localizada em Boa Vista, segundo informa\u00e7\u00f5es do Minist\u00e9rio da Sa\u00fade. Pela primeira vez, a presta\u00e7\u00e3o de servi\u00e7o foi contratada de forma regular, substituindo acordos emergenciais.&nbsp;&nbsp;<\/p>\n\n\n\n<p>Vigente at\u00e9 julho de 2025, o contrato prev\u00ea o fornecimento de seis refei\u00e7\u00f5es di\u00e1rias, entre caf\u00e9 da manh\u00e3, lanche, almo\u00e7o, lanche da tarde, jantar e ceia. Al\u00e9m disso, haver\u00e1 f\u00f3rmulas nutricionais e suplementos conforme prescri\u00e7\u00e3o dietoter\u00e1pica.&nbsp;<\/p>\n\n\n\n<p>Ao todo, s\u00e3o servidas 160 refei\u00e7\u00f5es por dia. O investimento do Minist\u00e9rio da Sa\u00fade \u00e9 de R$ 4,4 milh\u00f5es anuais. O local atende ind\u00edgenas de sete etnias \u2014&nbsp;Macuxi, Wapichana, Ingarik\u00f3, Patamona, Taurepang, Sapar\u00e1 e Wai-Wai.&nbsp;&nbsp;<\/p>\n\n\n\n<p>A nutricionista respons\u00e1vel pela Casai Leste, Micheline Nogueira, explica que o contrato propicia uma melhoria exponencial na qualidade das refei\u00e7\u00f5es.&nbsp;<\/p>\n\n\n\n<p>\u201cTrabalhamos com diversas etnias e muda um pouco a prefer\u00eancia de cada povo. A gente sempre tenta adequar para cada paciente conforme sua comorbidade e com o que temos dispon\u00edveis tamb\u00e9m. Atualmente, com a nova empresa, observamos que h\u00e1 uma grande melhoria na alimenta\u00e7\u00e3o dos pacientes\u201d, salienta.<\/p>\n\n\n\n<p><strong>Adapta\u00e7\u00e3o da alimenta\u00e7\u00e3o<\/strong>&nbsp;<\/p>\n\n\n\n<p>Micheline frisa que o card\u00e1pio \u00e9 elaborado de forma que haja o menor impacto poss\u00edvel no padr\u00e3o alimentar.<\/p>\n\n\n\n<p>\u201cSempre converso muito com o nutricionista da empresa para que fa\u00e7amos a adapta\u00e7\u00e3o e os ind\u00edgenas n\u00e3o sintam tanto quando est\u00e3o aqui. Nossa inten\u00e7\u00e3o \u00e9 disponibilizar a alimenta\u00e7\u00e3o como se estivesse na sua comunidade de origem mesmo\u201d, conclui.&nbsp;&nbsp;<\/p>\n\n\n\n<p><strong>Investimentos&nbsp;<\/strong><\/p>\n\n\n\n<p>Al\u00e9m do contrato com a empresa de alimenta\u00e7\u00e3o, a Casai Leste recebeu importantes investimentos ap\u00f3s um processo de desestrutura\u00e7\u00e3o da&nbsp;sa\u00fade ind\u00edgena, ocorrido entre 2019 e 2023. S\u00e3o reparos na estrutura predial, manuten\u00e7\u00e3o e aprimoramento de servi\u00e7os.&nbsp;&nbsp;<\/p>\n\n\n\n<p>\u201cTemos uma estrutura grande de suporte, com v\u00e1rios setores e uma guarita com cinco guardas fazendo a seguran\u00e7a da Casai. Temos um ambiente seguro, tranquilo e com garantias de sa\u00fade, de apoio para todos os pacientes\u201d, salienta o chefe da casa de sa\u00fade, o fisioterapeuta Edmilson Albuquerque.&nbsp;&nbsp;<\/p>\n\n\n\n<p>O m\u00e9dico Bruno Mendon\u00e7a, que atua na Casai desde 2019, destaca que os investimentos s\u00e3o essenciais para a assist\u00eancia aos ind\u00edgenas.&nbsp;<\/p>\n\n\n\n<p>\u201cToda melhoria \u00e9 importante para a nossa fun\u00e7\u00e3o, principalmente, para os pacientes que mais necessitam\u201d, defende.&nbsp;&nbsp;<\/p>\n\n\n\n<p>A Casai Leste tem capacidade para atender at\u00e9 500 pessoas, com alojamentos, quartos e cozinhas adaptadas \u00e0s necessidades dos ind\u00edgenas.&nbsp;&nbsp;<\/p>\n","protected":false},"excerpt":{"rendered":"<p>Um contrato in\u00e9dito de alimenta\u00e7\u00e3o levou melhorias significativas para a nutri\u00e7\u00e3o e assist\u00eancia aos ind\u00edgenas e seus acompanhantes, abrigados na Casa de Sa\u00fade Ind\u00edgena (Casai) Leste, localizada em Boa Vista, segundo informa\u00e7\u00f5es do Minist\u00e9rio da Sa\u00fade. Pela primeira vez, a presta\u00e7\u00e3o de servi\u00e7o foi contratada de forma regular, substituindo acordos emergenciais.&nbsp;&nbsp; Vigente at\u00e9 julho de [&hellip;]<\/p>\n","protected":false},"author":123458,"featured_media":2953,"comment_status":"closed","ping_status":"closed","sticky":false,"template":"","format":"standard","meta":{"footnotes":""},"categories":[20,27],"tags":[44,111,1044,1045,1046,1048,1047,1043,1049,466],"class_list":["post-2952","post","type-post","status-publish","format-standard","has-post-thumbnail","hentry","category-roraima","category-saude","tag-alimentacao","tag-boa-vista","tag-casai-leste","tag-ingariko","tag-macuxi","tag-patamona","tag-sapara","tag-taurepang","tag-wai-wai","tag-wapichana"],"_links":{"self":[{"href":"https:\/\/amororaima.com.br\/index.php\/wp-json\/wp\/v2\/posts\/2952","targetHints":{"allow":["GET"]}}],"collection":[{"href":"https:\/\/amororaima.com.br\/index.php\/wp-json\/wp\/v2\/posts"}],"about":[{"href":"https:\/\/amororaima.com.br\/index.php\/wp-json\/wp\/v2\/types\/post"}],"author":[{"embeddable":true,"href":"https:\/\/amororaima.com.br\/index.php\/wp-json\/wp\/v2\/users\/123458"}],"replies":[{"embeddable":true,"href":"https:\/\/amororaima.com.br\/index.php\/wp-json\/wp\/v2\/comments?post=2952"}],"version-history":[{"count":2,"href":"https:\/\/amororaima.com.br\/index.php\/wp-json\/wp\/v2\/posts\/2952\/revisions"}],"predecessor-version":[{"id":2955,"href":"https:\/\/amororaima.com.br\/index.php\/wp-json\/wp\/v2\/posts\/2952\/revisions\/2955"}],"wp:featuredmedia":[{"embeddable":true,"href":"https:\/\/amororaima.com.br\/index.php\/wp-json\/wp\/v2\/media\/2953"}],"wp:attachment":[{"href":"https:\/\/amororaima.com.br\/index.php\/wp-json\/wp\/v2\/media?parent=2952"}],"wp:term":[{"taxonomy":"category","embeddable":true,"href":"https:\/\/amororaima.com.br\/index.php\/wp-json\/wp\/v2\/categories?post=2952"},{"taxonomy":"post_tag","embeddable":true,"href":"https:\/\/amororaima.com.br\/index.php\/wp-json\/wp\/v2\/tags?post=2952"}],"curies":[{"name":"wp","href":"https:\/\/api.w.org\/{rel}","templated":true}]}}