{"id":2858,"date":"2024-10-30T12:15:00","date_gmt":"2024-10-30T15:15:00","guid":{"rendered":"https:\/\/amororaima.com.br\/?p=2858"},"modified":"2024-10-30T13:15:45","modified_gmt":"2024-10-30T16:15:45","slug":"mais-de-400-quilos-de-drogas-apreendidas-durante-operacoes-policiais-sao-incineradas-em-boa-vista","status":"publish","type":"post","link":"https:\/\/amororaima.com.br\/index.php\/2024\/10\/30\/mais-de-400-quilos-de-drogas-apreendidas-durante-operacoes-policiais-sao-incineradas-em-boa-vista\/","title":{"rendered":"Mais de 400 quilos de drogas apreendidas durante opera\u00e7\u00f5es policiais s\u00e3o incineradas em Boa Vista"},"content":{"rendered":"\n<p>A For\u00e7a Integrada de Combate ao Crime Organizado (Ficco\/RR) incinerou, na manh\u00e3 desta quarta-feira (30), aproximadamente 430 quilos de drogas. Desse total, 400 kg foram apreendidos em junho deste ano em uma propriedade na zona rural do munic\u00edpio de Alto Alegre, noroeste de Roraima, ocasi\u00e3o em que foi foram presas tr\u00eas pessoas em flagrante e apreendidas uma aeronave e armas de fogo.<\/p>\n\n\n\n<p>Desde a instala\u00e7\u00e3o da Ficco, em 2019, j\u00e1 foram deflagradas 13 opera\u00e7\u00f5es contra quadrilhas especializadas no tr\u00e1fico de drogas e, tamb\u00e9m, contra organiza\u00e7\u00f5es criminosas.<\/p>\n\n\n\n<p>Nesse per\u00edodo, foram presas 1.092 pessoas, lavrados 394 autos de pris\u00e3o em flagrante, cumpridos 323 mandados de pris\u00e3o, apreendidos aproximadamente 9 toneladas de drogas (coca\u00edna e skunk), diversas drogas sint\u00e9ticas, 141 armas de fogo, 4.719 muni\u00e7\u00f5es, 180 ve\u00edculos e 6 aeronaves.<\/p>\n\n\n\n<p>A For\u00e7a Integrada de Combate ao Crime Organizado \u00e9 composta pelas pol\u00edcias Federal, Rodovi\u00e1ria Federal, Civil, Militar e Penal e pela Secretaria de Seguran\u00e7a P\u00fablica (Sesp) e Secretaria de Justi\u00e7a e Cidadania (Sejuc).<\/p>\n","protected":false},"excerpt":{"rendered":"<p>A For\u00e7a Integrada de Combate ao Crime Organizado (Ficco\/RR) incinerou, na manh\u00e3 desta quarta-feira (30), aproximadamente 430 quilos de drogas. Desse total, 400 kg foram apreendidos em junho deste ano em uma propriedade na zona rural do munic\u00edpio de Alto Alegre, noroeste de Roraima, ocasi\u00e3o em que foi foram presas tr\u00eas pessoas em flagrante e [&hellip;]<\/p>\n","protected":false},"author":123458,"featured_media":2859,"comment_status":"closed","ping_status":"closed","sticky":false,"template":"","format":"standard","meta":{"footnotes":""},"categories":[34,20],"tags":[606,655,94,958,278,959,114,766],"class_list":["post-2858","post","type-post","status-publish","format-standard","has-post-thumbnail","hentry","category-policia","category-roraima","tag-br-174","tag-cassiterita","tag-mucajai","tag-pistola","tag-policia-federal","tag-porte-ilegal","tag-prf","tag-usurpacao-de-bens"],"_links":{"self":[{"href":"https:\/\/amororaima.com.br\/index.php\/wp-json\/wp\/v2\/posts\/2858","targetHints":{"allow":["GET"]}}],"collection":[{"href":"https:\/\/amororaima.com.br\/index.php\/wp-json\/wp\/v2\/posts"}],"about":[{"href":"https:\/\/amororaima.com.br\/index.php\/wp-json\/wp\/v2\/types\/post"}],"author":[{"embeddable":true,"href":"https:\/\/amororaima.com.br\/index.php\/wp-json\/wp\/v2\/users\/123458"}],"replies":[{"embeddable":true,"href":"https:\/\/amororaima.com.br\/index.php\/wp-json\/wp\/v2\/comments?post=2858"}],"version-history":[{"count":1,"href":"https:\/\/amororaima.com.br\/index.php\/wp-json\/wp\/v2\/posts\/2858\/revisions"}],"predecessor-version":[{"id":2860,"href":"https:\/\/amororaima.com.br\/index.php\/wp-json\/wp\/v2\/posts\/2858\/revisions\/2860"}],"wp:featuredmedia":[{"embeddable":true,"href":"https:\/\/amororaima.com.br\/index.php\/wp-json\/wp\/v2\/media\/2859"}],"wp:attachment":[{"href":"https:\/\/amororaima.com.br\/index.php\/wp-json\/wp\/v2\/media?parent=2858"}],"wp:term":[{"taxonomy":"category","embeddable":true,"href":"https:\/\/amororaima.com.br\/index.php\/wp-json\/wp\/v2\/categories?post=2858"},{"taxonomy":"post_tag","embeddable":true,"href":"https:\/\/amororaima.com.br\/index.php\/wp-json\/wp\/v2\/tags?post=2858"}],"curies":[{"name":"wp","href":"https:\/\/api.w.org\/{rel}","templated":true}]}}