{"id":2785,"date":"2024-10-24T11:06:00","date_gmt":"2024-10-24T14:06:00","guid":{"rendered":"https:\/\/amororaima.com.br\/?p=2785"},"modified":"2024-10-24T12:07:45","modified_gmt":"2024-10-24T15:07:45","slug":"homem-e-preso-em-boa-vista-suspeito-de-estuprar-filha-de-16-anos-por-mais-de-uma-decada","status":"publish","type":"post","link":"https:\/\/amororaima.com.br\/index.php\/2024\/10\/24\/homem-e-preso-em-boa-vista-suspeito-de-estuprar-filha-de-16-anos-por-mais-de-uma-decada\/","title":{"rendered":"Homem \u00e9 preso em Boa Vista suspeito de estuprar filha de 16 anos por mais de uma d\u00e9cada"},"content":{"rendered":"\n<p>Um homem de 46 anos foi preso no bairro S\u00edlvio Leite, zona oeste de Boa Vista, suspeito de estuprar a filha, de 16, por mais de uma d\u00e9cada. Agentes da Delegacia de Prote\u00e7\u00e3o \u00e0 Crian\u00e7a e ao Adolescente (DPCA) cumpriram o mandado de pris\u00e3o nesta quinta-feira (24).<\/p>\n\n\n\n<p>O delegado adjunto Matheus Rezende detalhou que a v\u00edtima relatou ao namorado os abusos que sofria desde os cinco anos de idade. O jovem, ao tomar conhecimento da situa\u00e7\u00e3o, contou para sua m\u00e3e, que imediatamente ligou para o 190 e denunciou o pai da menina.<\/p>\n\n\n\n<p>Segundo Matheus Rezende, como o crime n\u00e3o estava em situa\u00e7\u00e3o de flagrante, foi instaurado inqu\u00e9rito por portaria em 18 de outubro.<\/p>\n\n\n\n<p>\u201cA v\u00edtima foi ouvida e relatou com detalhes os abusos, que ocorreram ao longo de 11 anos. Segundo ela, o acusado a intimidava, dizendo que, se contasse a algu\u00e9m, ningu\u00e9m acreditaria em sua hist\u00f3ria\u201d, explicou Rezende.<\/p>\n\n\n\n<p>A adolescente descreveu o crime de forma cronol\u00f3gica, o que deu suporte \u00e0s investiga\u00e7\u00f5es. O suspeito, por sua vez, negou as acusa\u00e7\u00f5es durante o interrogat\u00f3rio.<\/p>\n\n\n\n<p>\u201cPor\u00e9m, em raz\u00e3o da gravidade dos fatos e do risco que ele representa \u00e0 ordem p\u00fablica, representamos por sua pris\u00e3o preventiva, que foi concedida pela Justi\u00e7a\u201d, disse.<\/p>\n\n\n\n<p>Matheus Rezende explica que a decis\u00e3o de pedir a preventiva foi tomada para proteger a v\u00edtima e evitar que o homem possa influenciar no andamento das investiga\u00e7\u00f5es ou colocar outras pessoas em risco.<\/p>\n\n\n\n<p>\u201cA investiga\u00e7\u00e3o ainda est\u00e1 em curso e novos desdobramentos poder\u00e3o surgir, uma vez que h\u00e1 suspeitas de que existem outras v\u00edtimas. Tudo ser\u00e1 investigado\u201d, destacou o delegado Matheus Rezende.<\/p>\n\n\n\n<p>Ap\u00f3s ter a pris\u00e3o formalizada na sede da DPCA, o homem foi encaminhado \u00e0 audi\u00eancia de cust\u00f3dia.<\/p>\n","protected":false},"excerpt":{"rendered":"<p>Um homem de 46 anos foi preso no bairro S\u00edlvio Leite, zona oeste de Boa Vista, suspeito de estuprar a filha, de 16, por mais de uma d\u00e9cada. Agentes da Delegacia de Prote\u00e7\u00e3o \u00e0 Crian\u00e7a e ao Adolescente (DPCA) cumpriram o mandado de pris\u00e3o nesta quinta-feira (24). O delegado adjunto Matheus Rezende detalhou que a [&hellip;]<\/p>\n","protected":false},"author":123458,"featured_media":2786,"comment_status":"closed","ping_status":"closed","sticky":false,"template":"","format":"standard","meta":{"footnotes":""},"categories":[34,20],"tags":[909,111,273,275,55,240],"class_list":["post-2785","post","type-post","status-publish","format-standard","has-post-thumbnail","hentry","category-policia","category-roraima","tag-bairro-silvio-leite","tag-boa-vista","tag-dpca","tag-estupro-de-vulneravel","tag-policia-civil-2","tag-zona-oeste"],"_links":{"self":[{"href":"https:\/\/amororaima.com.br\/index.php\/wp-json\/wp\/v2\/posts\/2785","targetHints":{"allow":["GET"]}}],"collection":[{"href":"https:\/\/amororaima.com.br\/index.php\/wp-json\/wp\/v2\/posts"}],"about":[{"href":"https:\/\/amororaima.com.br\/index.php\/wp-json\/wp\/v2\/types\/post"}],"author":[{"embeddable":true,"href":"https:\/\/amororaima.com.br\/index.php\/wp-json\/wp\/v2\/users\/123458"}],"replies":[{"embeddable":true,"href":"https:\/\/amororaima.com.br\/index.php\/wp-json\/wp\/v2\/comments?post=2785"}],"version-history":[{"count":1,"href":"https:\/\/amororaima.com.br\/index.php\/wp-json\/wp\/v2\/posts\/2785\/revisions"}],"predecessor-version":[{"id":2787,"href":"https:\/\/amororaima.com.br\/index.php\/wp-json\/wp\/v2\/posts\/2785\/revisions\/2787"}],"wp:featuredmedia":[{"embeddable":true,"href":"https:\/\/amororaima.com.br\/index.php\/wp-json\/wp\/v2\/media\/2786"}],"wp:attachment":[{"href":"https:\/\/amororaima.com.br\/index.php\/wp-json\/wp\/v2\/media?parent=2785"}],"wp:term":[{"taxonomy":"category","embeddable":true,"href":"https:\/\/amororaima.com.br\/index.php\/wp-json\/wp\/v2\/categories?post=2785"},{"taxonomy":"post_tag","embeddable":true,"href":"https:\/\/amororaima.com.br\/index.php\/wp-json\/wp\/v2\/tags?post=2785"}],"curies":[{"name":"wp","href":"https:\/\/api.w.org\/{rel}","templated":true}]}}