{"id":2756,"date":"2024-10-23T07:00:00","date_gmt":"2024-10-23T10:00:00","guid":{"rendered":"https:\/\/amororaima.com.br\/?p=2756"},"modified":"2024-10-22T21:26:27","modified_gmt":"2024-10-23T00:26:27","slug":"justica-itinerante-leva-atendimento-sociojuridico-a-presos-de-roraima","status":"publish","type":"post","link":"https:\/\/amororaima.com.br\/index.php\/2024\/10\/23\/justica-itinerante-leva-atendimento-sociojuridico-a-presos-de-roraima\/","title":{"rendered":"Justi\u00e7a Itinerante leva atendimento sociojur\u00eddico a presos de Roraima"},"content":{"rendered":"\n<p>Os presos do sistema prisional de Roraima est\u00e3o tendo a oportunidade de resolver pend\u00eancias judiciais, com o aux\u00edlio da Vara Itinerante (VJI) do Tribunal de Justi\u00e7a (TJRR). O trabalho, iniciado na segunda-feira (21), d\u00e1 continuidade \u00e0 2\u00aa A\u00e7\u00e3o Sociojur\u00eddica de Atendimento \u00e0 Pessoa Encarcerada.<\/p>\n\n\n\n<p>A iniciativa busca garantir o acesso \u00e0 Justi\u00e7a para os encarcerados, oferecendo solu\u00e7\u00f5es jur\u00eddicas diretamente nas unidades prisionais.<\/p>\n\n\n\n<p>Entre os servi\u00e7os oferecidos, est\u00e3o reconhecimento de uni\u00e3o est\u00e1vel, pens\u00e3o aliment\u00edcia, guarda, div\u00f3rcio, retifica\u00e7\u00e3o de registros de nascimento e de casamento, e emiss\u00e3o e corre\u00e7\u00e3o de dados do CPF.<\/p>\n\n\n\n<p>Os atendimentos d\u00e3o sequ\u00eancia \u00e0s atividades iniciadas pela Vara de Execu\u00e7\u00e3o Penal (VEP) em agosto deste ano. <\/p>\n\n\n\n<p>\u201cEssa a\u00e7\u00e3o tem o intuito de levar cidadania para as pessoas que est\u00e3o no sistema prisional, por meio da emiss\u00e3o de documentos e da resolu\u00e7\u00e3o de processos pendentes, para que consigam, mesmo encarceradas, resolver quest\u00f5es jur\u00eddicas externas\u201d, explicou o coordenador dos Servi\u00e7os de Acesso ao Judici\u00e1rio, Augusto Santiago de Almeida.<\/p>\n\n\n\n<p> A Receita Federal e a Defensoria P\u00fablica do Estado (DPE-RR) s\u00e3o parceiras da Justi\u00e7a Itinerante na a\u00e7\u00e3o sociojur\u00eddica. Nesta quarta (23) e quinta (24), ser\u00e3o atendidos os presos da Cadeia P\u00fablica Masculina e, na sexta-feira (25), os do Centro de Progress\u00e3o Penitenci\u00e1ria.<\/p>\n","protected":false},"excerpt":{"rendered":"<p>Os presos do sistema prisional de Roraima est\u00e3o tendo a oportunidade de resolver pend\u00eancias judiciais, com o aux\u00edlio da Vara Itinerante (VJI) do Tribunal de Justi\u00e7a (TJRR). O trabalho, iniciado na segunda-feira (21), d\u00e1 continuidade \u00e0 2\u00aa A\u00e7\u00e3o Sociojur\u00eddica de Atendimento \u00e0 Pessoa Encarcerada. A iniciativa busca garantir o acesso \u00e0 Justi\u00e7a para os encarcerados, [&hellip;]<\/p>\n","protected":false},"author":123458,"featured_media":2757,"comment_status":"closed","ping_status":"closed","sticky":false,"template":"","format":"standard","meta":{"footnotes":""},"categories":[72,20],"tags":[883,881,884,882,369,885,286,239,886],"class_list":["post-2756","post","type-post","status-publish","format-standard","has-post-thumbnail","hentry","category-justica","category-roraima","tag-acao-sociojuridica","tag-cadeia-publica-masculina","tag-centro-de-progressao-penitenciaria","tag-cpc","tag-dpe-rr","tag-justica-itinerante","tag-sistema-prisional","tag-tjrr","tag-vji"],"_links":{"self":[{"href":"https:\/\/amororaima.com.br\/index.php\/wp-json\/wp\/v2\/posts\/2756","targetHints":{"allow":["GET"]}}],"collection":[{"href":"https:\/\/amororaima.com.br\/index.php\/wp-json\/wp\/v2\/posts"}],"about":[{"href":"https:\/\/amororaima.com.br\/index.php\/wp-json\/wp\/v2\/types\/post"}],"author":[{"embeddable":true,"href":"https:\/\/amororaima.com.br\/index.php\/wp-json\/wp\/v2\/users\/123458"}],"replies":[{"embeddable":true,"href":"https:\/\/amororaima.com.br\/index.php\/wp-json\/wp\/v2\/comments?post=2756"}],"version-history":[{"count":2,"href":"https:\/\/amororaima.com.br\/index.php\/wp-json\/wp\/v2\/posts\/2756\/revisions"}],"predecessor-version":[{"id":2759,"href":"https:\/\/amororaima.com.br\/index.php\/wp-json\/wp\/v2\/posts\/2756\/revisions\/2759"}],"wp:featuredmedia":[{"embeddable":true,"href":"https:\/\/amororaima.com.br\/index.php\/wp-json\/wp\/v2\/media\/2757"}],"wp:attachment":[{"href":"https:\/\/amororaima.com.br\/index.php\/wp-json\/wp\/v2\/media?parent=2756"}],"wp:term":[{"taxonomy":"category","embeddable":true,"href":"https:\/\/amororaima.com.br\/index.php\/wp-json\/wp\/v2\/categories?post=2756"},{"taxonomy":"post_tag","embeddable":true,"href":"https:\/\/amororaima.com.br\/index.php\/wp-json\/wp\/v2\/tags?post=2756"}],"curies":[{"name":"wp","href":"https:\/\/api.w.org\/{rel}","templated":true}]}}