{"id":2629,"date":"2024-10-12T08:00:00","date_gmt":"2024-10-12T11:00:00","guid":{"rendered":"https:\/\/amororaima.com.br\/?p=2629"},"modified":"2024-10-12T01:30:25","modified_gmt":"2024-10-12T04:30:25","slug":"policia-recupera-joias-avaliadas-em-r-15-mil-furtadas-de-casa-na-zona-oeste-de-boa-vista","status":"publish","type":"post","link":"https:\/\/amororaima.com.br\/index.php\/2024\/10\/12\/policia-recupera-joias-avaliadas-em-r-15-mil-furtadas-de-casa-na-zona-oeste-de-boa-vista\/","title":{"rendered":"Pol\u00edcia recupera joias avaliadas em R$ 15 mil furtadas de casa na zona oeste de Boa Vista"},"content":{"rendered":"\n<p>Policiais civis do 2\u00ba Distrito Policial recuperaram, nesta sexta-feira (11), v\u00e1rias joias furtadas escondidas em uma casa no bairro Raiar do Sol, zona oeste de Boa Vista. O valor da apreens\u00e3o \u00e9 de R$ 15 mil.<\/p>\n\n\n\n<p>Segundo o delegado Ricardo Daniel, a v\u00edtima contratou uma empresa de fabrica\u00e7\u00e3o de m\u00f3veis planejados para um servi\u00e7o em sua casa, no bairro Jardim Floresta, e um dos funcion\u00e1rios furtou as joias que estavam dentro de um guarda-roupas.<\/p>\n\n\n\n<p>\u201cA partir da den\u00fancia registrada pela v\u00edtima, foram realizadas dilig\u00eancias colhendo informa\u00e7\u00f5es do local do crime, al\u00e9m de outras a\u00e7\u00f5es investigativas\u201d, disse o delegado.<\/p>\n\n\n\n<p>Com as investiga\u00e7\u00f5es, os policiais identificaram e localizaram o funcion\u00e1rio da empresa, um jovem de 20 anos. Ele foi intimado e compareceu ao 2\u00ba DP, onde foi interrogado pelo delegado. Diante das provas j\u00e1 obtidas, o suspeito assumiu a autoria do furto.<\/p>\n\n\n\n<p>\u201cEle levou a equipe at\u00e9 sua resid\u00eancia, onde as joias estavam guardadas. Tudo foi recuperado\u201d, disse Ricardo Daniel.<\/p>\n\n\n\n<p>O inqu\u00e9rito instaurado para esclarecer o crime est\u00e1 em fase de conclus\u00e3o e ser\u00e1 encaminhado \u00e0 Justi\u00e7a.<\/p>\n","protected":false},"excerpt":{"rendered":"<p>Policiais civis do 2\u00ba Distrito Policial recuperaram, nesta sexta-feira (11), v\u00e1rias joias furtadas escondidas em uma casa no bairro Raiar do Sol, zona oeste de Boa Vista. O valor da apreens\u00e3o \u00e9 de R$ 15 mil. Segundo o delegado Ricardo Daniel, a v\u00edtima contratou uma empresa de fabrica\u00e7\u00e3o de m\u00f3veis planejados para um servi\u00e7o em [&hellip;]<\/p>\n","protected":false},"author":123458,"featured_media":2630,"comment_status":"closed","ping_status":"closed","sticky":false,"template":"","format":"standard","meta":{"footnotes":""},"categories":[34,20],"tags":[771,476,111,772,240],"class_list":["post-2629","post","type-post","status-publish","format-standard","has-post-thumbnail","hentry","category-policia","category-roraima","tag-2o-dp","tag-bairro-raiar-do-sol","tag-boa-vista","tag-joias-furtadas","tag-zona-oeste"],"_links":{"self":[{"href":"https:\/\/amororaima.com.br\/index.php\/wp-json\/wp\/v2\/posts\/2629","targetHints":{"allow":["GET"]}}],"collection":[{"href":"https:\/\/amororaima.com.br\/index.php\/wp-json\/wp\/v2\/posts"}],"about":[{"href":"https:\/\/amororaima.com.br\/index.php\/wp-json\/wp\/v2\/types\/post"}],"author":[{"embeddable":true,"href":"https:\/\/amororaima.com.br\/index.php\/wp-json\/wp\/v2\/users\/123458"}],"replies":[{"embeddable":true,"href":"https:\/\/amororaima.com.br\/index.php\/wp-json\/wp\/v2\/comments?post=2629"}],"version-history":[{"count":2,"href":"https:\/\/amororaima.com.br\/index.php\/wp-json\/wp\/v2\/posts\/2629\/revisions"}],"predecessor-version":[{"id":2632,"href":"https:\/\/amororaima.com.br\/index.php\/wp-json\/wp\/v2\/posts\/2629\/revisions\/2632"}],"wp:featuredmedia":[{"embeddable":true,"href":"https:\/\/amororaima.com.br\/index.php\/wp-json\/wp\/v2\/media\/2630"}],"wp:attachment":[{"href":"https:\/\/amororaima.com.br\/index.php\/wp-json\/wp\/v2\/media?parent=2629"}],"wp:term":[{"taxonomy":"category","embeddable":true,"href":"https:\/\/amororaima.com.br\/index.php\/wp-json\/wp\/v2\/categories?post=2629"},{"taxonomy":"post_tag","embeddable":true,"href":"https:\/\/amororaima.com.br\/index.php\/wp-json\/wp\/v2\/tags?post=2629"}],"curies":[{"name":"wp","href":"https:\/\/api.w.org\/{rel}","templated":true}]}}