{"id":2566,"date":"2024-10-09T14:12:00","date_gmt":"2024-10-09T17:12:00","guid":{"rendered":"https:\/\/amororaima.com.br\/?p=2566"},"modified":"2024-10-09T15:13:34","modified_gmt":"2024-10-09T18:13:34","slug":"professor-universitario-e-preso-em-boa-vista-suspeito-de-estuprar-neta-de-consideracao-durante-sete-anos","status":"publish","type":"post","link":"https:\/\/amororaima.com.br\/index.php\/2024\/10\/09\/professor-universitario-e-preso-em-boa-vista-suspeito-de-estuprar-neta-de-consideracao-durante-sete-anos\/","title":{"rendered":"Professor universit\u00e1rio \u00e9 preso em Boa Vista suspeito de estuprar \u2018neta de considera\u00e7\u00e3o\u2019 durante sete anos"},"content":{"rendered":"\n<p>Um professor universit\u00e1rio foi preso no bairro Caran\u00e3, zona oeste de Boa Vista, suspeito de estuprar sua \u201cneta de considera\u00e7\u00e3o\u201d de 13 anos. Policiais da Delegacia de Prote\u00e7\u00e3o \u00e0 Crian\u00e7a e ao Adolescente (DPCA) cumpriram o mandado de pris\u00e3o preventiva nesta quarta-feira (9).<\/p>\n\n\n\n<p>Segundo o delegado Matheus Rezende, os abusos come\u00e7aram quando a v\u00edtima tinha seis anos.<\/p>\n\n\n\n<p>\u201cA adolescente, n\u00e3o suportando mais a viol\u00eancia a que era submetida, desabafou com um amigo, que a orientou a denunciar o acusado. Ela acionou a Pol\u00edcia Militar, mas como n\u00e3o estava em situa\u00e7\u00e3o de flagrante, instauramos um inqu\u00e9rito\u201d, detalhou o delegado.<\/p>\n\n\n\n<p>Ainda de acordo com Rezende, durante as investiga\u00e7\u00f5es, o homem foi intimado e interrogado, mas negou o crime. No entanto, foram encontrados ind\u00edcios suficientes para pedir a pris\u00e3o preventiva, que foi deferida pela Justi\u00e7a.<\/p>\n\n\n\n<p>\u201cO investigado amea\u00e7ava a v\u00edtima de morte e empregava viol\u00eancia f\u00edsica e psicol\u00f3gica para manter os abusos em sigilo. Al\u00e9m disso, foi encontrada uma foto em que ele a beijava na boca, o que comprova as acusa\u00e7\u00f5es\u201d, detalhou o delegado.<\/p>\n\n\n\n<p>O professor de 61 anos foi preso em casa e, em seguida, conduzido \u00e0 DPCA. Ele deve passar por audi\u00eancia de cust\u00f3dia nesta quinta-feira (10).<\/p>\n","protected":false},"excerpt":{"rendered":"<p>Um professor universit\u00e1rio foi preso no bairro Caran\u00e3, zona oeste de Boa Vista, suspeito de estuprar sua \u201cneta de considera\u00e7\u00e3o\u201d de 13 anos. Policiais da Delegacia de Prote\u00e7\u00e3o \u00e0 Crian\u00e7a e ao Adolescente (DPCA) cumpriram o mandado de pris\u00e3o preventiva nesta quarta-feira (9). Segundo o delegado Matheus Rezende, os abusos come\u00e7aram quando a v\u00edtima tinha [&hellip;]<\/p>\n","protected":false},"author":123458,"featured_media":2567,"comment_status":"closed","ping_status":"closed","sticky":false,"template":"","format":"standard","meta":{"footnotes":""},"categories":[34,20],"tags":[203,223,111,273,275,240],"class_list":["post-2566","post","type-post","status-publish","format-standard","has-post-thumbnail","hentry","category-policia","category-roraima","tag-audiencia-de-custodia","tag-bairro-carana","tag-boa-vista","tag-dpca","tag-estupro-de-vulneravel","tag-zona-oeste"],"_links":{"self":[{"href":"https:\/\/amororaima.com.br\/index.php\/wp-json\/wp\/v2\/posts\/2566","targetHints":{"allow":["GET"]}}],"collection":[{"href":"https:\/\/amororaima.com.br\/index.php\/wp-json\/wp\/v2\/posts"}],"about":[{"href":"https:\/\/amororaima.com.br\/index.php\/wp-json\/wp\/v2\/types\/post"}],"author":[{"embeddable":true,"href":"https:\/\/amororaima.com.br\/index.php\/wp-json\/wp\/v2\/users\/123458"}],"replies":[{"embeddable":true,"href":"https:\/\/amororaima.com.br\/index.php\/wp-json\/wp\/v2\/comments?post=2566"}],"version-history":[{"count":1,"href":"https:\/\/amororaima.com.br\/index.php\/wp-json\/wp\/v2\/posts\/2566\/revisions"}],"predecessor-version":[{"id":2568,"href":"https:\/\/amororaima.com.br\/index.php\/wp-json\/wp\/v2\/posts\/2566\/revisions\/2568"}],"wp:featuredmedia":[{"embeddable":true,"href":"https:\/\/amororaima.com.br\/index.php\/wp-json\/wp\/v2\/media\/2567"}],"wp:attachment":[{"href":"https:\/\/amororaima.com.br\/index.php\/wp-json\/wp\/v2\/media?parent=2566"}],"wp:term":[{"taxonomy":"category","embeddable":true,"href":"https:\/\/amororaima.com.br\/index.php\/wp-json\/wp\/v2\/categories?post=2566"},{"taxonomy":"post_tag","embeddable":true,"href":"https:\/\/amororaima.com.br\/index.php\/wp-json\/wp\/v2\/tags?post=2566"}],"curies":[{"name":"wp","href":"https:\/\/api.w.org\/{rel}","templated":true}]}}