{"id":2560,"date":"2024-10-09T12:40:00","date_gmt":"2024-10-09T15:40:00","guid":{"rendered":"https:\/\/amororaima.com.br\/?p=2560"},"modified":"2024-10-09T13:42:14","modified_gmt":"2024-10-09T16:42:14","slug":"dia-das-criancas-vendas-do-varejo-roraimense-devem-movimentar-r-196-milhoes","status":"publish","type":"post","link":"https:\/\/amororaima.com.br\/index.php\/2024\/10\/09\/dia-das-criancas-vendas-do-varejo-roraimense-devem-movimentar-r-196-milhoes\/","title":{"rendered":"Dia das Crian\u00e7as: vendas do varejo roraimense devem movimentar R$ 19,6 milh\u00f5es"},"content":{"rendered":"\n<p>Segundo estimativas da Federa\u00e7\u00e3o do Com\u00e9rcio de Bens, Servi\u00e7os e Turismo de Roraima (Fecom\u00e9rcio\/RR), as vendas para o Dia das Crian\u00e7as devem movimentar R$ 19,6 milh\u00f5es no Estado. A data \u00e9 considerada a terceira mais importante para o varejo, ficando atr\u00e1s apenas do Natal e Dia das M\u00e3es.<\/p>\n\n\n\n<p>\u201cAp\u00f3s a queda apresentada no ano passado, o valor dever\u00e1 voltar a subir, apresentando um incremento real de 3,2% em 2024, sendo o terceiro maior na s\u00e9rie hist\u00f3rica, abaixo apenas das vendas ocorridas em 2021 e 2022\u201d, afirma o economista da Fecom\u00e9rcio\/RR, F\u00e1bio Martinez.<\/p>\n\n\n\n<p>Os segmentos com maior faturamento este ano dever\u00e3o ser de vestu\u00e1rio, cal\u00e7ados e acess\u00f3rios (27%), seguidos por eletroeletr\u00f4nicos&nbsp;e brinquedos (25%) e farm\u00e1cias, perfumaria e cosm\u00e9ticos (23%). Somados, esses setores devem responder por 75% das vendas totais do varejo com a data deste ano.<\/p>\n\n\n\n<p>A perspectiva positiva para o Dia das Crian\u00e7as est\u00e1 alicer\u00e7ada em condi\u00e7\u00f5es de consumo mais favor\u00e1veis, impulsionadas pelo aquecimento do mercado de trabalho. A Pesquisa Nacional por Amostra de Domic\u00edlios Cont\u00ednua (Pnad) indicou que a taxa de desemprego, encerrada em agosto de 2024, ficou em 6,8% &#8211; o menor patamar em mais de uma d\u00e9cada. Al\u00e9m disso, a massa real de rendimentos registrou um avan\u00e7o de 8,3% nos \u00faltimos 12 meses, impactada pela pol\u00edtica de valoriza\u00e7\u00e3o do sal\u00e1rio m\u00ednimo.<\/p>\n\n\n\n<p>Brinquedos e bicicletas mais baratos<\/p>\n\n\n\n<p>De acordo com a Confedera\u00e7\u00e3o Nacional do Com\u00e9rcio (CNC), o pre\u00e7o m\u00e9dio dos itens mais demandados no Dia das Crian\u00e7as teve o menor aumento desde 2018, crescendo 2,8%. Por um lado, itens como livros (9,7%), chocolates (7,2%) e sapato infantil (6,5%), tiveram eleva\u00e7\u00f5es mais acentuadas.<\/p>\n\n\n\n<p>Bicicletas (-4,3%), cinema, teatro e concertos (-3,9%) e brinquedos (-2,8%), apresentaram queda no seu pre\u00e7o m\u00e9dio, em compara\u00e7\u00e3o ao mesmo per\u00edodo do ano passado.<\/p>\n","protected":false},"excerpt":{"rendered":"<p>Segundo estimativas da Federa\u00e7\u00e3o do Com\u00e9rcio de Bens, Servi\u00e7os e Turismo de Roraima (Fecom\u00e9rcio\/RR), as vendas para o Dia das Crian\u00e7as devem movimentar R$ 19,6 milh\u00f5es no Estado. A data \u00e9 considerada a terceira mais importante para o varejo, ficando atr\u00e1s apenas do Natal e Dia das M\u00e3es. \u201cAp\u00f3s a queda apresentada no ano passado, [&hellip;]<\/p>\n","protected":false},"author":123458,"featured_media":2561,"comment_status":"closed","ping_status":"closed","sticky":false,"template":"","format":"standard","meta":{"footnotes":""},"categories":[26,20],"tags":[717,719,721],"class_list":["post-2560","post","type-post","status-publish","format-standard","has-post-thumbnail","hentry","category-economia","category-roraima","tag-cnc","tag-dia-das-criancas","tag-fecomercio"],"_links":{"self":[{"href":"https:\/\/amororaima.com.br\/index.php\/wp-json\/wp\/v2\/posts\/2560","targetHints":{"allow":["GET"]}}],"collection":[{"href":"https:\/\/amororaima.com.br\/index.php\/wp-json\/wp\/v2\/posts"}],"about":[{"href":"https:\/\/amororaima.com.br\/index.php\/wp-json\/wp\/v2\/types\/post"}],"author":[{"embeddable":true,"href":"https:\/\/amororaima.com.br\/index.php\/wp-json\/wp\/v2\/users\/123458"}],"replies":[{"embeddable":true,"href":"https:\/\/amororaima.com.br\/index.php\/wp-json\/wp\/v2\/comments?post=2560"}],"version-history":[{"count":1,"href":"https:\/\/amororaima.com.br\/index.php\/wp-json\/wp\/v2\/posts\/2560\/revisions"}],"predecessor-version":[{"id":2562,"href":"https:\/\/amororaima.com.br\/index.php\/wp-json\/wp\/v2\/posts\/2560\/revisions\/2562"}],"wp:featuredmedia":[{"embeddable":true,"href":"https:\/\/amororaima.com.br\/index.php\/wp-json\/wp\/v2\/media\/2561"}],"wp:attachment":[{"href":"https:\/\/amororaima.com.br\/index.php\/wp-json\/wp\/v2\/media?parent=2560"}],"wp:term":[{"taxonomy":"category","embeddable":true,"href":"https:\/\/amororaima.com.br\/index.php\/wp-json\/wp\/v2\/categories?post=2560"},{"taxonomy":"post_tag","embeddable":true,"href":"https:\/\/amororaima.com.br\/index.php\/wp-json\/wp\/v2\/tags?post=2560"}],"curies":[{"name":"wp","href":"https:\/\/api.w.org\/{rel}","templated":true}]}}