{"id":2433,"date":"2024-10-03T11:30:00","date_gmt":"2024-10-03T14:30:00","guid":{"rendered":"https:\/\/amororaima.com.br\/?p=2433"},"modified":"2024-10-03T12:32:58","modified_gmt":"2024-10-03T15:32:58","slug":"horario-eleitoral-do-1o-turno-termina-nesta-quinta-tambem-se-encerra-prazo-para-realizacao-de-debates-e-comicios","status":"publish","type":"post","link":"https:\/\/amororaima.com.br\/index.php\/2024\/10\/03\/horario-eleitoral-do-1o-turno-termina-nesta-quinta-tambem-se-encerra-prazo-para-realizacao-de-debates-e-comicios\/","title":{"rendered":"Hor\u00e1rio eleitoral do 1\u00ba turno termina nesta quinta; tamb\u00e9m se encerra prazo para realiza\u00e7\u00e3o de debates e com\u00edcios"},"content":{"rendered":"\n<p>Esta quinta-feira (3) \u00e9 o \u00faltimo dia para a veicula\u00e7\u00e3o da propaganda eleitoral gratuita no r\u00e1dio e na televis\u00e3o referente ao 1\u00ba turno das elei\u00e7\u00f5es municipais. Tamb\u00e9m se encerra hoje o prazo para a realiza\u00e7\u00e3o de com\u00edcios e para o uso de aparelhagem de som fixa entre 8h e 24h, com exce\u00e7\u00e3o do com\u00edcio de encerramento da campanha, que pode ser prorrogado por at\u00e9 duas horas.<\/p>\n\n\n\n<p>Essas regras est\u00e3o previstas na&nbsp;Lei das Elei\u00e7\u00f5es, no&nbsp;C\u00f3digo Eleitoral&nbsp;e na&nbsp;Resolu\u00e7\u00e3o do Tribunal Superior Eleitoral (TSE) n\u00ba 23.610\/2019, que regula a propaganda.&nbsp;<\/p>\n\n\n\n<p>Os debates no r\u00e1dio e na televis\u00e3o tamb\u00e9m se encerram nesta quinta. No entanto, de acordo com o artigo 46 da Resolu\u00e7\u00e3o 23.610\/19, eles podem ser estendidos at\u00e9 as 7h&nbsp;de 4 de outubro, no caso do 1\u00ba turno.&nbsp;&nbsp;<\/p>\n\n\n\n<p><strong>Servi\u00e7o ao eleitorado&nbsp;&nbsp;<\/strong><\/p>\n\n\n\n<p>A partir desta quinta, o TSE poder\u00e1 adotar algumas medidas em rela\u00e7\u00e3o ao andamento do pleito. De hoje at\u00e9 5 de outubro, a Corte poder\u00e1 requisitar \u00e0s emissoras de r\u00e1dio e televis\u00e3o at\u00e9 dez minutos di\u00e1rios de sua programa\u00e7\u00e3o para divulgar comunicados, boletins e instru\u00e7\u00f5es ao eleitorado. Esse tempo pode ser utilizado uma \u00fanica vez ou em dias alternados, sendo poss\u00edvel ceder parte dele para o uso de tribunal regional eleitoral.&nbsp;&nbsp;<\/p>\n\n\n\n<p>Al\u00e9m disso, at\u00e9 7 de outubro, os ju\u00edzes eleitorais ou o&nbsp;presidente da mesa receptora de votos poder\u00e1 expedir salvo-conduto em favor de eleitores que sofram viol\u00eancia moral ou f\u00edsica em sua liberdade de votar ou pelo fato de j\u00e1 terem votado.<\/p>\n","protected":false},"excerpt":{"rendered":"<p>Esta quinta-feira (3) \u00e9 o \u00faltimo dia para a veicula\u00e7\u00e3o da propaganda eleitoral gratuita no r\u00e1dio e na televis\u00e3o referente ao 1\u00ba turno das elei\u00e7\u00f5es municipais. Tamb\u00e9m se encerra hoje o prazo para a realiza\u00e7\u00e3o de com\u00edcios e para o uso de aparelhagem de som fixa entre 8h e 24h, com exce\u00e7\u00e3o do com\u00edcio de [&hellip;]<\/p>\n","protected":false},"author":123458,"featured_media":2434,"comment_status":"closed","ping_status":"closed","sticky":false,"template":"","format":"standard","meta":{"footnotes":""},"categories":[31,20],"tags":[445,634,636,635,637,269],"class_list":["post-2433","post","type-post","status-publish","format-standard","has-post-thumbnail","hentry","category-politica","category-roraima","tag-codigo-eleitoral","tag-comicios","tag-debates","tag-lei-das-eleicoes","tag-propaganda-eleitoral","tag-tse"],"_links":{"self":[{"href":"https:\/\/amororaima.com.br\/index.php\/wp-json\/wp\/v2\/posts\/2433","targetHints":{"allow":["GET"]}}],"collection":[{"href":"https:\/\/amororaima.com.br\/index.php\/wp-json\/wp\/v2\/posts"}],"about":[{"href":"https:\/\/amororaima.com.br\/index.php\/wp-json\/wp\/v2\/types\/post"}],"author":[{"embeddable":true,"href":"https:\/\/amororaima.com.br\/index.php\/wp-json\/wp\/v2\/users\/123458"}],"replies":[{"embeddable":true,"href":"https:\/\/amororaima.com.br\/index.php\/wp-json\/wp\/v2\/comments?post=2433"}],"version-history":[{"count":1,"href":"https:\/\/amororaima.com.br\/index.php\/wp-json\/wp\/v2\/posts\/2433\/revisions"}],"predecessor-version":[{"id":2435,"href":"https:\/\/amororaima.com.br\/index.php\/wp-json\/wp\/v2\/posts\/2433\/revisions\/2435"}],"wp:featuredmedia":[{"embeddable":true,"href":"https:\/\/amororaima.com.br\/index.php\/wp-json\/wp\/v2\/media\/2434"}],"wp:attachment":[{"href":"https:\/\/amororaima.com.br\/index.php\/wp-json\/wp\/v2\/media?parent=2433"}],"wp:term":[{"taxonomy":"category","embeddable":true,"href":"https:\/\/amororaima.com.br\/index.php\/wp-json\/wp\/v2\/categories?post=2433"},{"taxonomy":"post_tag","embeddable":true,"href":"https:\/\/amororaima.com.br\/index.php\/wp-json\/wp\/v2\/tags?post=2433"}],"curies":[{"name":"wp","href":"https:\/\/api.w.org\/{rel}","templated":true}]}}