{"id":2402,"date":"2024-10-01T14:00:00","date_gmt":"2024-10-01T17:00:00","guid":{"rendered":"https:\/\/amororaima.com.br\/?p=2402"},"modified":"2024-10-01T20:54:08","modified_gmt":"2024-10-01T23:54:08","slug":"suspeito-de-tentar-matar-ex-mulher-a-facadas-e-preso-em-boa-vista","status":"publish","type":"post","link":"https:\/\/amororaima.com.br\/index.php\/2024\/10\/01\/suspeito-de-tentar-matar-ex-mulher-a-facadas-e-preso-em-boa-vista\/","title":{"rendered":"Suspeito de tentar matar ex-mulher a facadas \u00e9 preso em Boa Vista"},"content":{"rendered":"\n<p id=\"block-117456cf-7047-4536-9418-bc711b730d5e\">Um auxiliar de servi\u00e7os gerais, de 21 anos, foi preso em Boa Vista nesta segunda-feira (30) por tentar matar a ex-mulher a facadas. A tentativa de feminic\u00eddio ocorreu em 21 de setembro no bairro Jardim Tropical, zona oeste da cidade, quando a v\u00edtima estava na casa de uma amiga. As informa\u00e7\u00f5es foram divulgadas pela Pol\u00edcia Civil nesta ter\u00e7a (1\u00ba).<\/p>\n\n\n\n<p id=\"block-e08d86fe-cd50-4998-b0ad-33f2f847495f\">Diante da impossibilidade de prend\u00ea-lo em flagrante em raz\u00e3o da fuga, a delegada Patr\u00edcia da Silva Ferreira, do Plant\u00e3o Central Especializado (PCE), pediu sua pris\u00e3o preventiva, que foi deferida pela Justi\u00e7a.<\/p>\n\n\n\n<p id=\"block-e44498a1-36e1-4a3a-b0fa-4a8b2d6f7d40\">O mandado foi cumprido por agentes da Delegacia Especializada de Atendimento \u00e0 Mulher (Deam) quando o jovem se apresentava na Defensoria P\u00fablica (DPE-RR) ap\u00f3s ser notificado para uma audi\u00eancia.<\/p>\n\n\n\n<p id=\"block-52e16e7a-b404-4d7c-9899-8e07da628371\"><strong>O crime<\/strong><\/p>\n\n\n\n<p id=\"block-c9e8f998-6432-4fa3-a39a-059c5560450c\">Segundo informa\u00e7\u00f5es da titular da Deam, Verl\u00e2nia Silva de Assis, o jovem, acompanhado da atual namorada, foi at\u00e9 o local em que se encontrava a v\u00edtima, onde a xingou e a amea\u00e7ou de morte.<\/p>\n\n\n\n<p id=\"block-649868ee-5a70-49d2-afae-3d43229f7d50\">Depois das amea\u00e7as, ele pegou uma faca de cozinha e esfaqueou a jovem v\u00e1rias vezes, nas pernas e bra\u00e7os. Ela conseguiu se defender e fugir do agressor, que deixou o local em seguida. Os relatos feitos \u00e0 pol\u00edcia s\u00e3o de que ele n\u00e3o aceita o relacionamento da ex com outra pessoa.<\/p>\n\n\n\n<p id=\"block-65a0659b-82f6-40b9-8984-30a28765c717\">Ap\u00f3s ter a pris\u00e3o formalizada na Deam nesta ter\u00e7a-feira, o suspeito foi apresentado na audi\u00eancia de cust\u00f3dia.<\/p>\n","protected":false},"excerpt":{"rendered":"<p>Um auxiliar de servi\u00e7os gerais, de 21 anos, foi preso em Boa Vista nesta segunda-feira (30) por tentar matar a ex-mulher a facadas. A tentativa de feminic\u00eddio ocorreu em 21 de setembro no bairro Jardim Tropical, zona oeste da cidade, quando a v\u00edtima estava na casa de uma amiga. As informa\u00e7\u00f5es foram divulgadas pela Pol\u00edcia [&hellip;]<\/p>\n","protected":false},"author":123458,"featured_media":2403,"comment_status":"closed","ping_status":"closed","sticky":false,"template":"","format":"standard","meta":{"footnotes":""},"categories":[34,20],"tags":[607,111,231,369,230,55,608,240],"class_list":["post-2402","post","type-post","status-publish","format-standard","has-post-thumbnail","hentry","category-policia","category-roraima","tag-bairro-jardim-tropical","tag-boa-vista","tag-deam","tag-dpe-rr","tag-pce","tag-policia-civil-2","tag-tentativa-de-feminicidio","tag-zona-oeste"],"_links":{"self":[{"href":"https:\/\/amororaima.com.br\/index.php\/wp-json\/wp\/v2\/posts\/2402","targetHints":{"allow":["GET"]}}],"collection":[{"href":"https:\/\/amororaima.com.br\/index.php\/wp-json\/wp\/v2\/posts"}],"about":[{"href":"https:\/\/amororaima.com.br\/index.php\/wp-json\/wp\/v2\/types\/post"}],"author":[{"embeddable":true,"href":"https:\/\/amororaima.com.br\/index.php\/wp-json\/wp\/v2\/users\/123458"}],"replies":[{"embeddable":true,"href":"https:\/\/amororaima.com.br\/index.php\/wp-json\/wp\/v2\/comments?post=2402"}],"version-history":[{"count":1,"href":"https:\/\/amororaima.com.br\/index.php\/wp-json\/wp\/v2\/posts\/2402\/revisions"}],"predecessor-version":[{"id":2404,"href":"https:\/\/amororaima.com.br\/index.php\/wp-json\/wp\/v2\/posts\/2402\/revisions\/2404"}],"wp:featuredmedia":[{"embeddable":true,"href":"https:\/\/amororaima.com.br\/index.php\/wp-json\/wp\/v2\/media\/2403"}],"wp:attachment":[{"href":"https:\/\/amororaima.com.br\/index.php\/wp-json\/wp\/v2\/media?parent=2402"}],"wp:term":[{"taxonomy":"category","embeddable":true,"href":"https:\/\/amororaima.com.br\/index.php\/wp-json\/wp\/v2\/categories?post=2402"},{"taxonomy":"post_tag","embeddable":true,"href":"https:\/\/amororaima.com.br\/index.php\/wp-json\/wp\/v2\/tags?post=2402"}],"curies":[{"name":"wp","href":"https:\/\/api.w.org\/{rel}","templated":true}]}}