{"id":2390,"date":"2024-10-01T09:38:00","date_gmt":"2024-10-01T12:38:00","guid":{"rendered":"https:\/\/amororaima.com.br\/?p=2390"},"modified":"2024-10-01T10:39:04","modified_gmt":"2024-10-01T13:39:04","slug":"conta-de-energia-eletrica-fica-mais-cara-a-partir-desta-terca-feira-1o","status":"publish","type":"post","link":"https:\/\/amororaima.com.br\/index.php\/2024\/10\/01\/conta-de-energia-eletrica-fica-mais-cara-a-partir-desta-terca-feira-1o\/","title":{"rendered":"Conta de energia el\u00e9trica fica mais cara a partir desta ter\u00e7a-feira (1\u00ba)"},"content":{"rendered":"\n<p>A conta de energia el\u00e9trica fica mais cara a partir desta ter\u00e7a-feira (1\u00ba), com o acionamento da bandeira vermelha patamar 2, o est\u00e1gio tarif\u00e1rio mais alto do sistema da Ag\u00eancia Nacional de Energia El\u00e9trica (Aneel). Com a medida, o pre\u00e7o para cada 100 quilowatts-hora consumidos passa de R$ 4,463 para R$ 7,877.<\/p>\n\n\n\n<p>A decis\u00e3o foi anunciada sexta-feira (27) em nota da Aneel, em consequ\u00eancia&nbsp;do risco hidrol\u00f3gico, com reservat\u00f3rios baixos, e a eleva\u00e7\u00e3o do pre\u00e7o da energia no mercado, impactada pelo custo do que foi produzido e n\u00e3o contratado.<\/p>\n\n\n\n<p>O sistema de bandeiras tarif\u00e1rias \u00e9 composto pelas cores verde, amarelo e vermelho, em patamares 1 e 2.&nbsp;A&nbsp;cor verde patamar 1 significa tarifa sem custo extra.<\/p>\n\n\n\n<p>A bandeira vermelha patamar 1 estava em vigor desde setembro, ap\u00f3s um per\u00edodo em que a bandeira verde patamar 1, a mais barata do sistema, prevaleceu por v\u00e1rios meses do ano.<\/p>\n\n\n\n<p>De acordo com a ag\u00eancia, o sistema de bandeiras tarif\u00e1rias \u00e9 uma forma de tornar a cobran\u00e7a complementar mais transparente aos consumidores de energia el\u00e9trica conectados ao Sistema Interligado Nacional (SIN). Criado em 2015, ele indica os custos da gera\u00e7\u00e3o de energia no Brasil e possibilita adapta\u00e7\u00f5es no consumo para redu\u00e7\u00e3o no valor da conta de luz.<\/p>\n\n\n\n<p><strong><em>Com informa\u00e7\u00f5es da Ag\u00eancia Brasil<\/em><\/strong><\/p>\n","protected":false},"excerpt":{"rendered":"<p>A conta de energia el\u00e9trica fica mais cara a partir desta ter\u00e7a-feira (1\u00ba), com o acionamento da bandeira vermelha patamar 2, o est\u00e1gio tarif\u00e1rio mais alto do sistema da Ag\u00eancia Nacional de Energia El\u00e9trica (Aneel). Com a medida, o pre\u00e7o para cada 100 quilowatts-hora consumidos passa de R$ 4,463 para R$ 7,877. A decis\u00e3o foi [&hellip;]<\/p>\n","protected":false},"author":123458,"featured_media":2391,"comment_status":"closed","ping_status":"closed","sticky":false,"template":"","format":"standard","meta":{"footnotes":""},"categories":[19,26],"tags":[475,596,595,597,113],"class_list":["post-2390","post","type-post","status-publish","format-standard","has-post-thumbnail","hentry","category-brasil","category-economia","tag-aneel","tag-bandeira-tarifaria","tag-conta-de-energia","tag-risco-hidrologico","tag-sin"],"_links":{"self":[{"href":"https:\/\/amororaima.com.br\/index.php\/wp-json\/wp\/v2\/posts\/2390","targetHints":{"allow":["GET"]}}],"collection":[{"href":"https:\/\/amororaima.com.br\/index.php\/wp-json\/wp\/v2\/posts"}],"about":[{"href":"https:\/\/amororaima.com.br\/index.php\/wp-json\/wp\/v2\/types\/post"}],"author":[{"embeddable":true,"href":"https:\/\/amororaima.com.br\/index.php\/wp-json\/wp\/v2\/users\/123458"}],"replies":[{"embeddable":true,"href":"https:\/\/amororaima.com.br\/index.php\/wp-json\/wp\/v2\/comments?post=2390"}],"version-history":[{"count":1,"href":"https:\/\/amororaima.com.br\/index.php\/wp-json\/wp\/v2\/posts\/2390\/revisions"}],"predecessor-version":[{"id":2392,"href":"https:\/\/amororaima.com.br\/index.php\/wp-json\/wp\/v2\/posts\/2390\/revisions\/2392"}],"wp:featuredmedia":[{"embeddable":true,"href":"https:\/\/amororaima.com.br\/index.php\/wp-json\/wp\/v2\/media\/2391"}],"wp:attachment":[{"href":"https:\/\/amororaima.com.br\/index.php\/wp-json\/wp\/v2\/media?parent=2390"}],"wp:term":[{"taxonomy":"category","embeddable":true,"href":"https:\/\/amororaima.com.br\/index.php\/wp-json\/wp\/v2\/categories?post=2390"},{"taxonomy":"post_tag","embeddable":true,"href":"https:\/\/amororaima.com.br\/index.php\/wp-json\/wp\/v2\/tags?post=2390"}],"curies":[{"name":"wp","href":"https:\/\/api.w.org\/{rel}","templated":true}]}}