{"id":2358,"date":"2024-09-29T11:00:00","date_gmt":"2024-09-29T14:00:00","guid":{"rendered":"https:\/\/amororaima.com.br\/?p=2358"},"modified":"2024-09-28T12:26:38","modified_gmt":"2024-09-28T15:26:38","slug":"combate-a-malaria-vai-contar-com-medico-infectologista-fixo-no-polo-base-de-auaris-na-terra-indigena-yanomami","status":"publish","type":"post","link":"https:\/\/amororaima.com.br\/index.php\/2024\/09\/29\/combate-a-malaria-vai-contar-com-medico-infectologista-fixo-no-polo-base-de-auaris-na-terra-indigena-yanomami\/","title":{"rendered":"Combate \u00e0 mal\u00e1ria vai contar com m\u00e9dico infectologista fixo no polo-base de Auaris, na Terra Ind\u00edgena Yanomami"},"content":{"rendered":"\n<p>Um m\u00e9dico infectologista vai atuar de forma permanente no combate \u00e0 mal\u00e1ria no polo-base de Auaris, na Terra Ind\u00edgena Yanomami (TIY), em Roraima. Maur\u00edcio Borborema \u00e9 um dos 15 especialistas contratados pela Ag\u00eancia Brasileira de Apoio \u00e0 Gest\u00e3o do Sistema \u00danico de Sa\u00fade (AgSUS) para trabalhar no territ\u00f3rio.<\/p>\n\n\n\n<p>&nbsp;A equipe contar\u00e1 ainda com ginecologistas, obstetras, m\u00e9dicos da fam\u00edlia, pediatras, socorristas e sanitaristas.<\/p>\n\n\n\n<p>\u201cSabemos que uma das principais vulnerabilidades no territ\u00f3rio s\u00e3o as doen\u00e7as transmiss\u00edveis. Al\u00e9m do papel na retaguarda, temos a fun\u00e7\u00e3o pedag\u00f3gica. Com a equipe, criamos normas e protocolos\u201d, destaca Borborema. Para ele, o investimento em m\u00e9dicos especialistas \u00e9 um dos principais avan\u00e7os na sa\u00fade ind\u00edgena nos \u00faltimos anos.<\/p>\n\n\n\n<p>O gestor-executivo da AgSUS, Edson Oliveira, explica que a chegada da ag\u00eancia d\u00e1 mais apoio para execu\u00e7\u00e3o das pol\u00edticas de sa\u00fade ind\u00edgena.<\/p>\n\n\n\n<p>\u201cO territ\u00f3rio Yanomani \u00e9 o primeiro a que chegamos com um plano emergencial para atender de forma complementar, sobretudo na m\u00e9dia e alta complexidade\u201d, pondera.<\/p>\n\n\n\n<p>Ele salienta que a presen\u00e7a de m\u00e9dicos especialistas reduz a necessidade de remo\u00e7\u00e3o de pacientes para Boa Vista.<\/p>\n\n\n\n<p>\u201cO atendimento completo e espec\u00edfico dentro dos territ\u00f3rios \u00e9 o adequado por respeitar e preservar os costumes deles\u201d, conclui.<\/p>\n\n\n\n<p><strong>Queda nas remo\u00e7\u00f5es<\/strong><\/p>\n\n\n\n<p>A enfermeira-chefe do polo base de Auaris, Iarla Sousa, conta que o refor\u00e7o na quantidade de profissionais j\u00e1 traz efeitos: a redu\u00e7\u00e3o de remo\u00e7\u00f5es.<\/p>\n\n\n\n<p>\u201cHoje, o ind\u00edgena est\u00e1 sendo atendido em Auaris, dentro do territ\u00f3rio. Al\u00e9m disso, estamos recebendo insumos e medicamentos regularmente. O investimento, inevitavelmente, faz o n\u00famero de adoecimentos cair\u201d, completa.<\/p>\n\n\n\n<p><strong>N\u00famero de profissionais dobrou<\/strong><\/p>\n\n\n\n<p>O Minist\u00e9rio da Sa\u00fade planeja terminar 2024 com ao menos 80 m\u00e9dicos atuando no territ\u00f3rio Yanomami. Atualmente,&nbsp;s\u00e3o 1.497&nbsp;profissionais na regi\u00e3o. No in\u00edcio de 2023, eram 690.<\/p>\n\n\n\n<p>O povo Yanomami possui a maior terra ind\u00edgena do Brasil, com 10 milh\u00f5es de hectares, mais de 380 comunidades e 30 mil ind\u00edgenas.<\/p>\n","protected":false},"excerpt":{"rendered":"<p>Um m\u00e9dico infectologista vai atuar de forma permanente no combate \u00e0 mal\u00e1ria no polo-base de Auaris, na Terra Ind\u00edgena Yanomami (TIY), em Roraima. Maur\u00edcio Borborema \u00e9 um dos 15 especialistas contratados pela Ag\u00eancia Brasileira de Apoio \u00e0 Gest\u00e3o do Sistema \u00danico de Sa\u00fade (AgSUS) para trabalhar no territ\u00f3rio. &nbsp;A equipe contar\u00e1 ainda com ginecologistas, obstetras, [&hellip;]<\/p>\n","protected":false},"author":123458,"featured_media":2359,"comment_status":"closed","ping_status":"closed","sticky":false,"template":"","format":"standard","meta":{"footnotes":""},"categories":[20,27],"tags":[125,550,547,128,61],"class_list":["post-2358","post","type-post","status-publish","format-standard","has-post-thumbnail","hentry","category-roraima","category-saude","tag-agsus","tag-auaris","tag-malaria","tag-ministerio-da-saude","tag-terra-indigena-yanomami"],"_links":{"self":[{"href":"https:\/\/amororaima.com.br\/index.php\/wp-json\/wp\/v2\/posts\/2358","targetHints":{"allow":["GET"]}}],"collection":[{"href":"https:\/\/amororaima.com.br\/index.php\/wp-json\/wp\/v2\/posts"}],"about":[{"href":"https:\/\/amororaima.com.br\/index.php\/wp-json\/wp\/v2\/types\/post"}],"author":[{"embeddable":true,"href":"https:\/\/amororaima.com.br\/index.php\/wp-json\/wp\/v2\/users\/123458"}],"replies":[{"embeddable":true,"href":"https:\/\/amororaima.com.br\/index.php\/wp-json\/wp\/v2\/comments?post=2358"}],"version-history":[{"count":2,"href":"https:\/\/amororaima.com.br\/index.php\/wp-json\/wp\/v2\/posts\/2358\/revisions"}],"predecessor-version":[{"id":2361,"href":"https:\/\/amororaima.com.br\/index.php\/wp-json\/wp\/v2\/posts\/2358\/revisions\/2361"}],"wp:featuredmedia":[{"embeddable":true,"href":"https:\/\/amororaima.com.br\/index.php\/wp-json\/wp\/v2\/media\/2359"}],"wp:attachment":[{"href":"https:\/\/amororaima.com.br\/index.php\/wp-json\/wp\/v2\/media?parent=2358"}],"wp:term":[{"taxonomy":"category","embeddable":true,"href":"https:\/\/amororaima.com.br\/index.php\/wp-json\/wp\/v2\/categories?post=2358"},{"taxonomy":"post_tag","embeddable":true,"href":"https:\/\/amororaima.com.br\/index.php\/wp-json\/wp\/v2\/tags?post=2358"}],"curies":[{"name":"wp","href":"https:\/\/api.w.org\/{rel}","templated":true}]}}