{"id":2275,"date":"2024-09-25T12:58:00","date_gmt":"2024-09-25T15:58:00","guid":{"rendered":"https:\/\/amororaima.com.br\/?p=2275"},"modified":"2024-09-25T13:59:30","modified_gmt":"2024-09-25T16:59:30","slug":"policia-civil-abre-inquerito-para-investigar-morte-de-mae-e-bebe-em-unidades-hospitalares-de-roraima","status":"publish","type":"post","link":"https:\/\/amororaima.com.br\/index.php\/2024\/09\/25\/policia-civil-abre-inquerito-para-investigar-morte-de-mae-e-bebe-em-unidades-hospitalares-de-roraima\/","title":{"rendered":"Pol\u00edcia Civil abre inqu\u00e9rito para investigar morte de m\u00e3e e beb\u00ea em unidades hospitalares de Roraima"},"content":{"rendered":"\n<p>A Pol\u00edcia Civil abriu um inqu\u00e9rito para apurar as circunst\u00e2ncias das mortes de Carmen Elisa Emiliano de Assis Silva, de 26 anos, e de sua filha, no Hospital Geral de Roraima (HGR) e na Maternidade Nossa Senhora de Nazareth, em Boa Vista. A jovem morreu s\u00e1bado (21), uma semana ap\u00f3s perder a beb\u00ea durante o parto.<\/p>\n\n\n\n<p>De acordo com o delegado adjunto do 3\u00ba DP (Distrito Policial), Matheus Fraga Lopes, o boletim de ocorr\u00eancia foi registrado a partir da comunica\u00e7\u00e3o da Secretaria Estadual de Sa\u00fade (Sesau). Ele destaca que as investiga\u00e7\u00f5es j\u00e1 est\u00e3o em andamento.<\/p>\n\n\n\n<p>\u201cRecebemos a not\u00edcia do falecimento da m\u00e3e e do beb\u00ea e, a partir disso, nos inteiramos dos fatos. J\u00e1 tivemos acesso ao prontu\u00e1rio e iniciamos as dilig\u00eancias necess\u00e1rias para entender a din\u00e2mica de como tudo aconteceu&#8221;, disse o delegado.<\/p>\n\n\n\n<p>Matheus ressaltou a import\u00e2ncia de uma investiga\u00e7\u00e3o cuidadosa, considerando a delicadeza do caso.<\/p>\n\n\n\n<p>\u201cEstamos apurando os fatos para determinar a poss\u00edvel responsabilidade de envolvidos e verificar se houve ou n\u00e3o algum tipo de conduta criminosa. Neste momento, n\u00e3o \u00e9 aconselh\u00e1vel antecipar informa\u00e7\u00f5es sobre as investiga\u00e7\u00f5es, pois isso pode comprometer o andamento do processo. Mas \u00e9 importante que a sociedade saiba que estamos apurando com toda a isen\u00e7\u00e3o necess\u00e1ria.\u201d<\/p>\n","protected":false},"excerpt":{"rendered":"<p>A Pol\u00edcia Civil abriu um inqu\u00e9rito para apurar as circunst\u00e2ncias das mortes de Carmen Elisa Emiliano de Assis Silva, de 26 anos, e de sua filha, no Hospital Geral de Roraima (HGR) e na Maternidade Nossa Senhora de Nazareth, em Boa Vista. A jovem morreu s\u00e1bado (21), uma semana ap\u00f3s perder a beb\u00ea durante o [&hellip;]<\/p>\n","protected":false},"author":123458,"featured_media":2276,"comment_status":"closed","ping_status":"closed","sticky":false,"template":"","format":"standard","meta":{"footnotes":""},"categories":[34,20],"tags":[515,514,513,55],"class_list":["post-2275","post","type-post","status-publish","format-standard","has-post-thumbnail","hentry","category-policia","category-roraima","tag-3o-dp","tag-hospital-geral-de-roraima","tag-maternidade-nossa-senhora-de-nazare","tag-policia-civil-2"],"_links":{"self":[{"href":"https:\/\/amororaima.com.br\/index.php\/wp-json\/wp\/v2\/posts\/2275","targetHints":{"allow":["GET"]}}],"collection":[{"href":"https:\/\/amororaima.com.br\/index.php\/wp-json\/wp\/v2\/posts"}],"about":[{"href":"https:\/\/amororaima.com.br\/index.php\/wp-json\/wp\/v2\/types\/post"}],"author":[{"embeddable":true,"href":"https:\/\/amororaima.com.br\/index.php\/wp-json\/wp\/v2\/users\/123458"}],"replies":[{"embeddable":true,"href":"https:\/\/amororaima.com.br\/index.php\/wp-json\/wp\/v2\/comments?post=2275"}],"version-history":[{"count":1,"href":"https:\/\/amororaima.com.br\/index.php\/wp-json\/wp\/v2\/posts\/2275\/revisions"}],"predecessor-version":[{"id":2277,"href":"https:\/\/amororaima.com.br\/index.php\/wp-json\/wp\/v2\/posts\/2275\/revisions\/2277"}],"wp:featuredmedia":[{"embeddable":true,"href":"https:\/\/amororaima.com.br\/index.php\/wp-json\/wp\/v2\/media\/2276"}],"wp:attachment":[{"href":"https:\/\/amororaima.com.br\/index.php\/wp-json\/wp\/v2\/media?parent=2275"}],"wp:term":[{"taxonomy":"category","embeddable":true,"href":"https:\/\/amororaima.com.br\/index.php\/wp-json\/wp\/v2\/categories?post=2275"},{"taxonomy":"post_tag","embeddable":true,"href":"https:\/\/amororaima.com.br\/index.php\/wp-json\/wp\/v2\/tags?post=2275"}],"curies":[{"name":"wp","href":"https:\/\/api.w.org\/{rel}","templated":true}]}}