{"id":2234,"date":"2024-09-23T18:00:00","date_gmt":"2024-09-23T21:00:00","guid":{"rendered":"https:\/\/amororaima.com.br\/?p=2234"},"modified":"2024-09-23T23:15:06","modified_gmt":"2024-09-24T02:15:06","slug":"vendedor-ambulante-e-preso-pela-prf-suspeito-de-estuprar-menino-autista-na-zona-oeste-de-boa-vista","status":"publish","type":"post","link":"https:\/\/amororaima.com.br\/index.php\/2024\/09\/23\/vendedor-ambulante-e-preso-pela-prf-suspeito-de-estuprar-menino-autista-na-zona-oeste-de-boa-vista\/","title":{"rendered":"Vendedor ambulante \u00e9 preso pela PRF suspeito de estuprar menino autista na zona oeste de Boa Vista"},"content":{"rendered":"\n<p>Um vendedor ambulante, de 28 anos, foi preso em flagrante por policiais rodovi\u00e1rios federais suspeito de estuprar uma crian\u00e7a autista na zona oeste de Boa Vista. As informa\u00e7\u00f5es sobre o crime, ocorrido neste fim de semana, foram divulgadas pela PRF nesta segunda-feira (23).<\/p>\n\n\n\n<p>Por volta das 22h de s\u00e1bado (21), os policiais foram abordados pelo padrasto da v\u00edtima. Ele disse aos agentes que seu enteado foi abusado sexualmente e os levou at\u00e9 o local onde o ambulante estava. O suspeito foi preso no bairro Raiar do Sol.<\/p>\n\n\n\n<p>O homem contou que o enteado foi a um supermercado nas proximidades de casa, mas demorou a voltar. Ao ser questionado, o garoto relatou o abuso sofrido e afirmou ter recebido R$ 5 do suspeito.<\/p>\n\n\n\n<p>O vendedor ambulante foi levado pelos agentes da PRF para o 5\u00ba Distrito Policial e deve responder por estupro de vulner\u00e1vel.<\/p>\n","protected":false},"excerpt":{"rendered":"<p>Um vendedor ambulante, de 28 anos, foi preso em flagrante por policiais rodovi\u00e1rios federais suspeito de estuprar uma crian\u00e7a autista na zona oeste de Boa Vista. As informa\u00e7\u00f5es sobre o crime, ocorrido neste fim de semana, foram divulgadas pela PRF nesta segunda-feira (23). Por volta das 22h de s\u00e1bado (21), os policiais foram abordados pelo [&hellip;]<\/p>\n","protected":false},"author":123458,"featured_media":2235,"comment_status":"closed","ping_status":"closed","sticky":false,"template":"","format":"standard","meta":{"footnotes":""},"categories":[34,20],"tags":[477,476,111,275,55,114,240],"class_list":["post-2234","post","type-post","status-publish","format-standard","has-post-thumbnail","hentry","category-policia","category-roraima","tag-autista","tag-bairro-raiar-do-sol","tag-boa-vista","tag-estupro-de-vulneravel","tag-policia-civil-2","tag-prf","tag-zona-oeste"],"_links":{"self":[{"href":"https:\/\/amororaima.com.br\/index.php\/wp-json\/wp\/v2\/posts\/2234","targetHints":{"allow":["GET"]}}],"collection":[{"href":"https:\/\/amororaima.com.br\/index.php\/wp-json\/wp\/v2\/posts"}],"about":[{"href":"https:\/\/amororaima.com.br\/index.php\/wp-json\/wp\/v2\/types\/post"}],"author":[{"embeddable":true,"href":"https:\/\/amororaima.com.br\/index.php\/wp-json\/wp\/v2\/users\/123458"}],"replies":[{"embeddable":true,"href":"https:\/\/amororaima.com.br\/index.php\/wp-json\/wp\/v2\/comments?post=2234"}],"version-history":[{"count":1,"href":"https:\/\/amororaima.com.br\/index.php\/wp-json\/wp\/v2\/posts\/2234\/revisions"}],"predecessor-version":[{"id":2236,"href":"https:\/\/amororaima.com.br\/index.php\/wp-json\/wp\/v2\/posts\/2234\/revisions\/2236"}],"wp:featuredmedia":[{"embeddable":true,"href":"https:\/\/amororaima.com.br\/index.php\/wp-json\/wp\/v2\/media\/2235"}],"wp:attachment":[{"href":"https:\/\/amororaima.com.br\/index.php\/wp-json\/wp\/v2\/media?parent=2234"}],"wp:term":[{"taxonomy":"category","embeddable":true,"href":"https:\/\/amororaima.com.br\/index.php\/wp-json\/wp\/v2\/categories?post=2234"},{"taxonomy":"post_tag","embeddable":true,"href":"https:\/\/amororaima.com.br\/index.php\/wp-json\/wp\/v2\/tags?post=2234"}],"curies":[{"name":"wp","href":"https:\/\/api.w.org\/{rel}","templated":true}]}}