{"id":2197,"date":"2024-09-21T13:30:00","date_gmt":"2024-09-21T16:30:00","guid":{"rendered":"https:\/\/amororaima.com.br\/?p=2197"},"modified":"2024-09-21T21:20:19","modified_gmt":"2024-09-22T00:20:19","slug":"homem-e-morto-a-tiros-em-boa-vista-enquanto-se-preparava-para-ir-a-velorio-de-amigo-assassinado-no-mesmo-dia","status":"publish","type":"post","link":"https:\/\/amororaima.com.br\/index.php\/2024\/09\/21\/homem-e-morto-a-tiros-em-boa-vista-enquanto-se-preparava-para-ir-a-velorio-de-amigo-assassinado-no-mesmo-dia\/","title":{"rendered":"Homem \u00e9 morto a tiros em Boa Vista enquanto se preparava para ir a vel\u00f3rio de amigo assassinado no mesmo dia"},"content":{"rendered":"\n<p>Frank Henrique Sifontes Cedeno, de 30 anos, foi assassinado dentro de um ve\u00edculo no bairro Liberdade, zona oeste de Boa Vista, na noite de sexta-feira (20), horas depois de levar dois tiros de rasp\u00e3o no bra\u00e7o enquanto estava numa loja de conveni\u00eancia com Jean Carlos Flores Navarro, 23, que tamb\u00e9m foi baleado, mas n\u00e3o resistiu e morreu no Hospital Geral de Roraima (HGR). <\/p>\n\n\n\n<p>Frank se preparava para ir ao vel\u00f3rio do amigo quando dois homens em uma moto o abordaram. O que estava na garupa atirou pelo menos sete vezes, conforme relato de vizinhos. Dois dos tiros atingiram a v\u00edtima na cabe\u00e7a.<\/p>\n\n\n\n<p>Os criminosos fugiram antes da chegada da Pol\u00edcia Militar. At\u00e9 a publica\u00e7\u00e3o da mat\u00e9ria, nenhum dos suspeitos foi preso nem identificado.<\/p>\n\n\n\n<p>Peritos da Pol\u00edcia Civil recolheram proj\u00e9teis de pistola que ser\u00e3o comparados com os que foram usados na execu\u00e7\u00e3o de Jean Carlos, ocorrida na loja de conveni\u00eancia, localizada no bairro S\u00e3o Bento, na mesma regi\u00e3o da cidade.<\/p>\n\n\n\n<p>A pol\u00edcia n\u00e3o descarta a possibilidade de que o crime esteja relacionado a uma disputa territorial. C\u00e2meras de seguran\u00e7a pr\u00f3ximas ao local do assassinato ser\u00e3o analisadas para identificar a motocicleta e a placa.<\/p>\n\n\n\n<p>O corpo de Frank Cedeno foi levado para o Instituto M\u00e9dico Legal (IML). O caso est\u00e1 sendo investigado pela Delegacia Geral de Homic\u00eddios (DGH).<\/p>\n\n\n\n<p><\/p>\n","protected":false},"excerpt":{"rendered":"<p>Frank Henrique Sifontes Cedeno, de 30 anos, foi assassinado dentro de um ve\u00edculo no bairro Liberdade, zona oeste de Boa Vista, na noite de sexta-feira (20), horas depois de levar dois tiros de rasp\u00e3o no bra\u00e7o enquanto estava numa loja de conveni\u00eancia com Jean Carlos Flores Navarro, 23, que tamb\u00e9m foi baleado, mas n\u00e3o resistiu [&hellip;]<\/p>\n","protected":false},"author":123458,"featured_media":2198,"comment_status":"closed","ping_status":"closed","sticky":false,"template":"","format":"standard","meta":{"footnotes":""},"categories":[34,20],"tags":[],"class_list":["post-2197","post","type-post","status-publish","format-standard","has-post-thumbnail","hentry","category-policia","category-roraima"],"_links":{"self":[{"href":"https:\/\/amororaima.com.br\/index.php\/wp-json\/wp\/v2\/posts\/2197","targetHints":{"allow":["GET"]}}],"collection":[{"href":"https:\/\/amororaima.com.br\/index.php\/wp-json\/wp\/v2\/posts"}],"about":[{"href":"https:\/\/amororaima.com.br\/index.php\/wp-json\/wp\/v2\/types\/post"}],"author":[{"embeddable":true,"href":"https:\/\/amororaima.com.br\/index.php\/wp-json\/wp\/v2\/users\/123458"}],"replies":[{"embeddable":true,"href":"https:\/\/amororaima.com.br\/index.php\/wp-json\/wp\/v2\/comments?post=2197"}],"version-history":[{"count":1,"href":"https:\/\/amororaima.com.br\/index.php\/wp-json\/wp\/v2\/posts\/2197\/revisions"}],"predecessor-version":[{"id":2199,"href":"https:\/\/amororaima.com.br\/index.php\/wp-json\/wp\/v2\/posts\/2197\/revisions\/2199"}],"wp:featuredmedia":[{"embeddable":true,"href":"https:\/\/amororaima.com.br\/index.php\/wp-json\/wp\/v2\/media\/2198"}],"wp:attachment":[{"href":"https:\/\/amororaima.com.br\/index.php\/wp-json\/wp\/v2\/media?parent=2197"}],"wp:term":[{"taxonomy":"category","embeddable":true,"href":"https:\/\/amororaima.com.br\/index.php\/wp-json\/wp\/v2\/categories?post=2197"},{"taxonomy":"post_tag","embeddable":true,"href":"https:\/\/amororaima.com.br\/index.php\/wp-json\/wp\/v2\/tags?post=2197"}],"curies":[{"name":"wp","href":"https:\/\/api.w.org\/{rel}","templated":true}]}}