{"id":2146,"date":"2024-09-19T07:00:00","date_gmt":"2024-09-19T10:00:00","guid":{"rendered":"https:\/\/amororaima.com.br\/?p=2146"},"modified":"2024-09-19T00:52:04","modified_gmt":"2024-09-19T03:52:04","slug":"mprr-recomenda-a-secretaria-de-saude-de-boa-vista-regularizar-fornecimento-de-leite-especial-para-criancas-em-ate-45-dias","status":"publish","type":"post","link":"https:\/\/amororaima.com.br\/index.php\/2024\/09\/19\/mprr-recomenda-a-secretaria-de-saude-de-boa-vista-regularizar-fornecimento-de-leite-especial-para-criancas-em-ate-45-dias\/","title":{"rendered":"MPRR recomenda \u00e0 Secretaria de Sa\u00fade de Boa Vista regularizar fornecimento de leite especial para crian\u00e7as\u00a0em at\u00e9 45 dias"},"content":{"rendered":"\n<p>O Minist\u00e9rio P\u00fablico do Estado de Roraima (MPRR) emitiu uma recomenda\u00e7\u00e3o \u00e0 Secretaria de Sa\u00fade de Boa Vista para que regularize o fornecimento de f\u00f3rmulas alimentares espec\u00edficas para crian\u00e7as que apresentam alergia \u00e0 prote\u00edna do leite de vaca (APLV), no prazo m\u00e1ximo de 45 dias.&nbsp;<\/p>\n\n\n\n<p>A recomenda\u00e7\u00e3o foi encaminhada pelo promotor de Justi\u00e7a de Defesa da Sa\u00fade, Igor Naves, ao secret\u00e1rio municipal de Sa\u00fade, Renato Maciel de Melo, nesta quarta-feira (18), depois de uma reuni\u00e3o em que se discutiu a normaliza\u00e7\u00e3o do servi\u00e7o de distribui\u00e7\u00e3o dos leites especiais.&nbsp;<\/p>\n\n\n\n<p>De acordo com a recomenda\u00e7\u00e3o, h\u00e1 v\u00e1rias crian\u00e7as com s\u00edndromes, defici\u00eancias e alergias alimentares que necessitam de f\u00f3rmulas nutricionais espec\u00edficas fornecidas pelo munic\u00edpio, por meio do Centro de Recupera\u00e7\u00e3o Nutricional Infantil (Cernutri), que n\u00e3o est\u00e3o recebendo o suplemento alimentar.&nbsp;<\/p>\n\n\n\n<p>Igor Naves explica que a indisponibilidade dos leites especiais compromete o bem-estar, a vida e o direito \u00e0 alimenta\u00e7\u00e3o adequada dos pacientes que necessitam de f\u00f3rmula nutricional espec\u00edfica.&nbsp;<\/p>\n\n\n\n<p>\u201cDurante a reuni\u00e3o, fomos informados que 19 tipos de f\u00f3rmulas j\u00e1 est\u00e3o licitadas e que outras 10 est\u00e3o, ainda, em tr\u00e2mite, mas que h\u00e1 dota\u00e7\u00e3o or\u00e7ament\u00e1ria para a aquisi\u00e7\u00e3o dos produtos. O que queremos \u00e9 que isso seja resolvido o mais breve poss\u00edvel, uma vez que existe uma demanda alta e que este tipo de suplementa\u00e7\u00e3o \u00e9 essencial para essas crian\u00e7as\u201d, destacou o promotor de Justi\u00e7a.<\/p>\n\n\n\n<p>Em caso de n\u00e3o cumprimento da recomenda\u00e7\u00e3o, o MPRR poder\u00e1 adotar outras medidas.&nbsp;<\/p>\n\n\n\n<p>Tamb\u00e9m participaram da reuni\u00e3o a procuradora-geral do munic\u00edpio, Marcela Medeiros, o superintendente de Assist\u00eancia Farmac\u00eautica, Ian Oliveira de Carvalho, a coordenadora do Cernutri, Maria de Jesus Ferreira Lima, e o secret\u00e1rio municipal de Licita\u00e7\u00e3o e Compras, Leandro Deodato Aquino.&nbsp;<\/p>\n","protected":false},"excerpt":{"rendered":"<p>O Minist\u00e9rio P\u00fablico do Estado de Roraima (MPRR) emitiu uma recomenda\u00e7\u00e3o \u00e0 Secretaria de Sa\u00fade de Boa Vista para que regularize o fornecimento de f\u00f3rmulas alimentares espec\u00edficas para crian\u00e7as que apresentam alergia \u00e0 prote\u00edna do leite de vaca (APLV), no prazo m\u00e1ximo de 45 dias.&nbsp; A recomenda\u00e7\u00e3o foi encaminhada pelo promotor de Justi\u00e7a de Defesa [&hellip;]<\/p>\n","protected":false},"author":123458,"featured_media":2147,"comment_status":"closed","ping_status":"closed","sticky":false,"template":"","format":"standard","meta":{"footnotes":""},"categories":[20,27],"tags":[394,393,368,392,391],"class_list":["post-2146","post","type-post","status-publish","format-standard","has-post-thumbnail","hentry","category-roraima","category-saude","tag-cernutri","tag-leite-especial","tag-mprr","tag-promotoria-de-justica-de-defesa-da-saude","tag-secretaria-de-saude-de-boa-vista"],"_links":{"self":[{"href":"https:\/\/amororaima.com.br\/index.php\/wp-json\/wp\/v2\/posts\/2146","targetHints":{"allow":["GET"]}}],"collection":[{"href":"https:\/\/amororaima.com.br\/index.php\/wp-json\/wp\/v2\/posts"}],"about":[{"href":"https:\/\/amororaima.com.br\/index.php\/wp-json\/wp\/v2\/types\/post"}],"author":[{"embeddable":true,"href":"https:\/\/amororaima.com.br\/index.php\/wp-json\/wp\/v2\/users\/123458"}],"replies":[{"embeddable":true,"href":"https:\/\/amororaima.com.br\/index.php\/wp-json\/wp\/v2\/comments?post=2146"}],"version-history":[{"count":2,"href":"https:\/\/amororaima.com.br\/index.php\/wp-json\/wp\/v2\/posts\/2146\/revisions"}],"predecessor-version":[{"id":2149,"href":"https:\/\/amororaima.com.br\/index.php\/wp-json\/wp\/v2\/posts\/2146\/revisions\/2149"}],"wp:featuredmedia":[{"embeddable":true,"href":"https:\/\/amororaima.com.br\/index.php\/wp-json\/wp\/v2\/media\/2147"}],"wp:attachment":[{"href":"https:\/\/amororaima.com.br\/index.php\/wp-json\/wp\/v2\/media?parent=2146"}],"wp:term":[{"taxonomy":"category","embeddable":true,"href":"https:\/\/amororaima.com.br\/index.php\/wp-json\/wp\/v2\/categories?post=2146"},{"taxonomy":"post_tag","embeddable":true,"href":"https:\/\/amororaima.com.br\/index.php\/wp-json\/wp\/v2\/tags?post=2146"}],"curies":[{"name":"wp","href":"https:\/\/api.w.org\/{rel}","templated":true}]}}