{"id":2099,"date":"2024-09-14T08:00:00","date_gmt":"2024-09-14T11:00:00","guid":{"rendered":"https:\/\/amororaima.com.br\/?p=2099"},"modified":"2024-09-13T22:53:06","modified_gmt":"2024-09-14T01:53:06","slug":"promotor-de-vendas-suspeito-de-operar-disque-drogas-em-boa-vista-e-preso-com-trouxinhas-de-coca-prontas-para-entrega","status":"publish","type":"post","link":"https:\/\/amororaima.com.br\/index.php\/2024\/09\/14\/promotor-de-vendas-suspeito-de-operar-disque-drogas-em-boa-vista-e-preso-com-trouxinhas-de-coca-prontas-para-entrega\/","title":{"rendered":"Promotor de vendas suspeito de operar \u2018disque-drogas\u2019 em Boa Vista \u00e9 preso com trouxinhas de coca prontas para entrega"},"content":{"rendered":"\n<p>Um promotor de vendas, de 28 anos, foi preso com 14 trouxinhas de coca\u00edna no bairro Caran\u00e3, zona Oeste de Boa Vista. As informa\u00e7\u00f5es foram divulgadas pela Pol\u00edcia Civil na noite desta sexta-feira (13).<\/p>\n\n\n\n<p>O suspeito estava sendo investigado por distribuir drogas na capital usando a modalidade de \u201cdisque-entrega\u201d. Ele foi preso na quinta-feira (12) com uma quantidade de coca j\u00e1 preparada para a venda.<\/p>\n\n\n\n<p>Segundo o delegado J\u00falio Cesar, adjunto da Delegacia de Repress\u00e3o a Entorpecentes, que conduziu as investiga\u00e7\u00f5es, al\u00e9m das 14 embalagens de coca\u00edna, os agentes apreenderam um ve\u00edculo utilizado na distribui\u00e7\u00e3o da droga, uma balan\u00e7a de precis\u00e3o e dinheiro, possivelmente proveniente do tr\u00e1fico.<\/p>\n\n\n\n<p>O promotor foi autuado em flagrante por tr\u00e1fico de drogas e encaminhado \u00e0 audi\u00eancia de cust\u00f3dia nesta sexta-feira, quando teve a pris\u00e3o homologada e convertida em preventiva, sendo em seguida levado ao sistema prisional.<\/p>\n","protected":false},"excerpt":{"rendered":"<p>Um promotor de vendas, de 28 anos, foi preso com 14 trouxinhas de coca\u00edna no bairro Caran\u00e3, zona Oeste de Boa Vista. As informa\u00e7\u00f5es foram divulgadas pela Pol\u00edcia Civil na noite desta sexta-feira (13). O suspeito estava sendo investigado por distribuir drogas na capital usando a modalidade de \u201cdisque-entrega\u201d. Ele foi preso na quinta-feira (12) [&hellip;]<\/p>\n","protected":false},"author":123458,"featured_media":2100,"comment_status":"closed","ping_status":"closed","sticky":false,"template":"","format":"standard","meta":{"footnotes":""},"categories":[34,20],"tags":[223,111,134,55,145,240],"class_list":["post-2099","post","type-post","status-publish","format-standard","has-post-thumbnail","hentry","category-policia","category-roraima","tag-bairro-carana","tag-boa-vista","tag-dre","tag-policia-civil-2","tag-trafico-de-drogas","tag-zona-oeste"],"_links":{"self":[{"href":"https:\/\/amororaima.com.br\/index.php\/wp-json\/wp\/v2\/posts\/2099","targetHints":{"allow":["GET"]}}],"collection":[{"href":"https:\/\/amororaima.com.br\/index.php\/wp-json\/wp\/v2\/posts"}],"about":[{"href":"https:\/\/amororaima.com.br\/index.php\/wp-json\/wp\/v2\/types\/post"}],"author":[{"embeddable":true,"href":"https:\/\/amororaima.com.br\/index.php\/wp-json\/wp\/v2\/users\/123458"}],"replies":[{"embeddable":true,"href":"https:\/\/amororaima.com.br\/index.php\/wp-json\/wp\/v2\/comments?post=2099"}],"version-history":[{"count":2,"href":"https:\/\/amororaima.com.br\/index.php\/wp-json\/wp\/v2\/posts\/2099\/revisions"}],"predecessor-version":[{"id":2102,"href":"https:\/\/amororaima.com.br\/index.php\/wp-json\/wp\/v2\/posts\/2099\/revisions\/2102"}],"wp:featuredmedia":[{"embeddable":true,"href":"https:\/\/amororaima.com.br\/index.php\/wp-json\/wp\/v2\/media\/2100"}],"wp:attachment":[{"href":"https:\/\/amororaima.com.br\/index.php\/wp-json\/wp\/v2\/media?parent=2099"}],"wp:term":[{"taxonomy":"category","embeddable":true,"href":"https:\/\/amororaima.com.br\/index.php\/wp-json\/wp\/v2\/categories?post=2099"},{"taxonomy":"post_tag","embeddable":true,"href":"https:\/\/amororaima.com.br\/index.php\/wp-json\/wp\/v2\/tags?post=2099"}],"curies":[{"name":"wp","href":"https:\/\/api.w.org\/{rel}","templated":true}]}}