{"id":1968,"date":"2024-09-06T23:23:00","date_gmt":"2024-09-07T02:23:00","guid":{"rendered":"https:\/\/amororaima.com.br\/?p=1968"},"modified":"2024-09-07T00:25:15","modified_gmt":"2024-09-07T03:25:15","slug":"linhas-de-onibus-do-transporte-publico-de-boa-vista-sao-alteradas-devido-ao-desfile-de-7-de-setembro","status":"publish","type":"post","link":"https:\/\/amororaima.com.br\/index.php\/2024\/09\/06\/linhas-de-onibus-do-transporte-publico-de-boa-vista-sao-alteradas-devido-ao-desfile-de-7-de-setembro\/","title":{"rendered":"Linhas de \u00f4nibus do transporte p\u00fablico de Boa Vista s\u00e3o alteradas devido ao desfile de 7 de Setembro"},"content":{"rendered":"\n<p>Linhas de \u00f4nibus do transporte p\u00fablico de Boa Vista foram alteradas, das 22h30 desta sexta-feira (6) at\u00e9 as 13h deste s\u00e1bado (7), em raz\u00e3o do desfile c\u00edvico-militar em comemora\u00e7\u00e3o aos 202 anos da Independ\u00eancia do Brasil e a trechos interditados no local do evento. As informa\u00e7\u00f5es s\u00e3o da Secretaria Municipal de Comunica\u00e7\u00e3o (Semuc).<\/p>\n\n\n\n<p>Devido \u00e0 interdi\u00e7\u00e3o do Miniterminal Luiz Canuto Chaves, duas tendas de 10&#215;10 foram instaladas na lateral do Monumento aos Garimpeiros para facilitar o embarque e desembarque dos passageiros. O terminal Jos\u00e9 Campanha Wanderley continuar\u00e1 operando normalmente. Ambos funcionam no Centro da capital.<\/p>\n\n\n\n<p><strong>Linhas de \u00f4nibus modificadas<\/strong>:<\/p>\n\n\n\n<p>Linha 206<\/p>\n\n\n\n<p>Linha 252<\/p>\n\n\n\n<p>Linha 501<\/p>\n\n\n\n<p>Linhas 104, 308 e 401<\/p>\n\n\n\n<p>Linhas 112, 251, 301 e 502<\/p>\n\n\n\n<p>Linhas 215 e 315<\/p>\n\n\n\n<p><strong>Interdi\u00e7\u00f5es e rotas alternativas<\/strong> <\/p>\n\n\n\n<p>As interdi\u00e7\u00f5es est\u00e3o sob responsabilidade do Departamento Estadual de Tr\u00e2nsito de Roraima (Detran-RR). Durante esse per\u00edodo, os condutores podem utilizar as avenidas Get\u00falio Vargas, Benjamin Constant e Brigadeiro Eduardo Gomes como rotas alternativas.<\/p>\n\n\n\n<p><strong>Confira os desvios de rota no mapa abaixo:<\/strong><\/p>\n\n\n<div class=\"wp-block-image\">\n<figure class=\"aligncenter size-large\"><img fetchpriority=\"high\" decoding=\"async\" width=\"1024\" height=\"683\" src=\"https:\/\/amororaima.com.br\/wp-content\/uploads\/2024\/09\/Interdicao-7-de-Setembro-Arte-Semuc--1024x683.png\" alt=\"\" class=\"wp-image-1969\" srcset=\"https:\/\/amororaima.com.br\/wp-content\/uploads\/2024\/09\/Interdicao-7-de-Setembro-Arte-Semuc--1024x683.png 1024w, https:\/\/amororaima.com.br\/wp-content\/uploads\/2024\/09\/Interdicao-7-de-Setembro-Arte-Semuc--300x200.png 300w, https:\/\/amororaima.com.br\/wp-content\/uploads\/2024\/09\/Interdicao-7-de-Setembro-Arte-Semuc--768x512.png 768w, https:\/\/amororaima.com.br\/wp-content\/uploads\/2024\/09\/Interdicao-7-de-Setembro-Arte-Semuc--18x12.png 18w, https:\/\/amororaima.com.br\/wp-content\/uploads\/2024\/09\/Interdicao-7-de-Setembro-Arte-Semuc-.png 1170w\" sizes=\"(max-width: 1024px) 100vw, 1024px\" \/><\/figure>\n<\/div>","protected":false},"excerpt":{"rendered":"<p>Linhas de \u00f4nibus do transporte p\u00fablico de Boa Vista foram alteradas, das 22h30 desta sexta-feira (6) at\u00e9 as 13h deste s\u00e1bado (7), em raz\u00e3o do desfile c\u00edvico-militar em comemora\u00e7\u00e3o aos 202 anos da Independ\u00eancia do Brasil e a trechos interditados no local do evento. As informa\u00e7\u00f5es s\u00e3o da Secretaria Municipal de Comunica\u00e7\u00e3o (Semuc). Devido \u00e0 [&hellip;]<\/p>\n","protected":false},"author":123458,"featured_media":1969,"comment_status":"closed","ping_status":"closed","sticky":false,"template":"","format":"standard","meta":{"footnotes":""},"categories":[28,20],"tags":[209,111,205,206,207,208,210],"class_list":["post-1968","post","type-post","status-publish","format-standard","has-post-thumbnail","hentry","category-geral","category-roraima","tag-7-de-setembro","tag-boa-vista","tag-desfile-civico-militar","tag-miniterminal-luiz-canuto-chaves","tag-monumento-aos-garimpeiros","tag-semuc","tag-terminal-jose-campanha-wanderley"],"_links":{"self":[{"href":"https:\/\/amororaima.com.br\/index.php\/wp-json\/wp\/v2\/posts\/1968","targetHints":{"allow":["GET"]}}],"collection":[{"href":"https:\/\/amororaima.com.br\/index.php\/wp-json\/wp\/v2\/posts"}],"about":[{"href":"https:\/\/amororaima.com.br\/index.php\/wp-json\/wp\/v2\/types\/post"}],"author":[{"embeddable":true,"href":"https:\/\/amororaima.com.br\/index.php\/wp-json\/wp\/v2\/users\/123458"}],"replies":[{"embeddable":true,"href":"https:\/\/amororaima.com.br\/index.php\/wp-json\/wp\/v2\/comments?post=1968"}],"version-history":[{"count":1,"href":"https:\/\/amororaima.com.br\/index.php\/wp-json\/wp\/v2\/posts\/1968\/revisions"}],"predecessor-version":[{"id":1970,"href":"https:\/\/amororaima.com.br\/index.php\/wp-json\/wp\/v2\/posts\/1968\/revisions\/1970"}],"wp:featuredmedia":[{"embeddable":true,"href":"https:\/\/amororaima.com.br\/index.php\/wp-json\/wp\/v2\/media\/1969"}],"wp:attachment":[{"href":"https:\/\/amororaima.com.br\/index.php\/wp-json\/wp\/v2\/media?parent=1968"}],"wp:term":[{"taxonomy":"category","embeddable":true,"href":"https:\/\/amororaima.com.br\/index.php\/wp-json\/wp\/v2\/categories?post=1968"},{"taxonomy":"post_tag","embeddable":true,"href":"https:\/\/amororaima.com.br\/index.php\/wp-json\/wp\/v2\/tags?post=1968"}],"curies":[{"name":"wp","href":"https:\/\/api.w.org\/{rel}","templated":true}]}}