{"id":1942,"date":"2024-09-05T17:51:00","date_gmt":"2024-09-05T20:51:00","guid":{"rendered":"https:\/\/amororaima.com.br\/?p=1942"},"modified":"2024-09-05T18:57:58","modified_gmt":"2024-09-05T21:57:58","slug":"grupos-prioritarios-vacinacao-contra-influenza-em-roraima-segue-ate-26-de-outubro-meta-e-imunizar-mais-de-305-mil-pessoas","status":"publish","type":"post","link":"https:\/\/amororaima.com.br\/index.php\/2024\/09\/05\/grupos-prioritarios-vacinacao-contra-influenza-em-roraima-segue-ate-26-de-outubro-meta-e-imunizar-mais-de-305-mil-pessoas\/","title":{"rendered":"Grupos priorit\u00e1rios: vacina\u00e7\u00e3o contra influenza em Roraima segue at\u00e9 26 de outubro; meta \u00e9 imunizar mais de 305 mil pessoas"},"content":{"rendered":"\n<p>A campanha de vacina\u00e7\u00e3o contra a influenza em Roraima se iniciou na segunda-feira (2) e segue at\u00e9 o fim de outubro. O objetivo \u00e9 vacinar 305.277 pessoas que fazem parte dos grupos priorit\u00e1rios no Estado, se antecipando ao per\u00edodo do ano em que h\u00e1 maior circula\u00e7\u00e3o viral e de transmiss\u00e3o da gripe na Regi\u00e3o Norte, o chamado \u201cinverno amaz\u00f4nico\u201d, que acontece de novembro a maio do ano seguinte<\/p>\n\n\n\n<p>A mudan\u00e7a ocorreu em 2023, quando o Minist\u00e9rio da Sa\u00fade mudou a estrat\u00e9gia de imuniza\u00e7\u00e3o, tradicionalmente realizada entre mar\u00e7o e maio, como nas demais regi\u00f5es do pa\u00eds.<\/p>\n\n\n\n<p>\u201c\u00c9 uma campanha nacional com organiza\u00e7\u00e3o do governo do Estado, por meio da Secretaria de Sa\u00fade [Sesau]. Nosso objetivo \u00e9 vacinar 90% do grupo priorit\u00e1rio\u201d, destacou o diretor do Departamento de Vigil\u00e2ncia Epidemiol\u00f3gica, Jos\u00e9 Vieira Filho.<\/p>\n\n\n\n<p>Roraima recebeu cem mil doses da vacina do Minist\u00e9rio da Sa\u00fade. Os imunizantes j\u00e1 est\u00e3o sendo repassados aos 15 munic\u00edpios e aos Distritos Sanit\u00e1rios Especiais Ind\u00edgenas (Dseis).<\/p>\n\n\n\n<p><strong>Fazem parte do p\u00fablico-alvo da campanha:<\/strong><\/p>\n\n\n\n<p>crian\u00e7as de 6 meses a menores de 6 anos de idade (5 anos, 11 meses e 29 dias);<\/p>\n\n\n\n<p>\u2013 trabalhadores da sa\u00fade dos servi\u00e7os p\u00fablicos e privados;<\/p>\n\n\n\n<p>\u2013 gestantes;<\/p>\n\n\n\n<p>\u2013 pu\u00e9rperas at\u00e9 45 dias ap\u00f3s o parto;<\/p>\n\n\n\n<p>\u2013 professores do ensino b\u00e1sico e superior;<\/p>\n\n\n\n<p>\u2013 idosos com 60 anos ou mais;<\/p>\n\n\n\n<p>\u2013 pessoas em situa\u00e7\u00e3o de rua;<\/p>\n\n\n\n<p>\u2013 profissionais das for\u00e7as de seguran\u00e7a e salvamento;<\/p>\n\n\n\n<p>\u2013 profissionais das For\u00e7as Armadas;<\/p>\n\n\n\n<p>\u2013 pessoas com doen\u00e7as cr\u00f4nicas n\u00e3o transmiss\u00edveis e outras condi\u00e7\u00f5es cl\u00ednicas especiais;<\/p>\n\n\n\n<p>\u2013 pessoas com defici\u00eancia permanente;<\/p>\n\n\n\n<p>\u2013 caminhoneiros;<\/p>\n\n\n\n<p>\u2013 trabalhadores de transporte coletivo rodovi\u00e1rio para passageiros urbano e de longo curso;<\/p>\n\n\n\n<p>\u2013 trabalhadores portu\u00e1rios;<\/p>\n\n\n\n<p>\u2013 povos ind\u00edgenas;<\/p>\n\n\n\n<p>\u2013 popula\u00e7\u00e3o privada de liberdade e funcion\u00e1rios do sistema de priva\u00e7\u00e3o de liberdade, adolescentes e jovens de 12 a 21 anos de idade sob medidas socioeducativas.<\/p>\n\n\n\n<p>Jos\u00e9 Vieira Filho refor\u00e7ou ainda que a vacina \u00e9 a principal prote\u00e7\u00e3o da popula\u00e7\u00e3o contra os efeitos da influenza, uma vez que reduz os riscos de complica\u00e7\u00f5es, interna\u00e7\u00f5es e mortalidade decorrentes das infec\u00e7\u00f5es pelo v\u00edrus causador da doen\u00e7a.<\/p>\n\n\n\n<p>\u201cA vacina da influenza \u00e9 segura, assim como os demais imunizantes preconizados no calend\u00e1rio nacional. \u00c9 o nosso meio mais eficaz para combater as doen\u00e7as imunopreven\u00edveis. Solicitamos que a popula\u00e7\u00e3o procure as unidades b\u00e1sicas de sa\u00fade [UBS], levem as suas crian\u00e7as, os idosos, as demais pessoas, para se protegerem e, consequentemente, as pessoas perto de voc\u00ea\u201d, completou.<\/p>\n\n\n\n<p><strong>Entenda a campanha<\/strong><\/p>\n\n\n\n<p>Desde o ano passado, o Minist\u00e9rio da Sa\u00fade dividiu a campanha anual de vacina\u00e7\u00e3o contra a influenza no Brasil em duas etapas, considerando as diferen\u00e7as de sazonalidade de maior circula\u00e7\u00e3o dos v\u00edrus da influenza nos per\u00edodos que antecedem as esta\u00e7\u00f5es do outono\/inverno.<\/p>\n\n\n\n<p>A primeira etapa foi realizada nas regi\u00f5es Sul, Sudeste, Centro-Oeste e Nordeste, entre 25 de mar\u00e7o e 31 de maio deste ano, enquanto a segunda acontece entre 2 de setembro e 26 de outubro.<\/p>\n\n\n\n<p><strong>Na capital<\/strong><\/p>\n\n\n\n<p>As doses estar\u00e3o dispon\u00edveis em todas as unidades b\u00e1sicas de sa\u00fade (UBS) de Boa Vista, das 8h \u00e0s 18h, de segunda a sexta-feira. Com exce\u00e7\u00e3o das UBS Jan Roman Wilt, Olenka Macellaro, Aygara Motta Pereira e D\u00e9lio Tupinamb\u00e1, onde a vacina\u00e7\u00e3o tamb\u00e9m ocorre \u00e0 noite, das 19h \u00e0s 23h.<\/p>\n\n\n\n<p><strong>Dia D<\/strong><\/p>\n\n\n\n<p>Para intensificar as imuniza\u00e7\u00f5es, em 28 de setembro haver\u00e1 o \u201cDia D contra a Influenza, quando o imunizante estar\u00e1 dispon\u00edvel para toda a popula\u00e7\u00e3o.<\/p>\n\n\n\n<p>A influenza \u00e9 uma infec\u00e7\u00e3o viral aguda que afeta o sistema respirat\u00f3rio e pode levar a complica\u00e7\u00f5es graves, especialmente em pessoas de grupos de risco, como idosos e gestantes.<\/p>\n","protected":false},"excerpt":{"rendered":"<p>A campanha de vacina\u00e7\u00e3o contra a influenza em Roraima se iniciou na segunda-feira (2) e segue at\u00e9 o fim de outubro. O objetivo \u00e9 vacinar 305.277 pessoas que fazem parte dos grupos priorit\u00e1rios no Estado, se antecipando ao per\u00edodo do ano em que h\u00e1 maior circula\u00e7\u00e3o viral e de transmiss\u00e3o da gripe na Regi\u00e3o Norte, [&hellip;]<\/p>\n","protected":false},"author":123458,"featured_media":1945,"comment_status":"closed","ping_status":"closed","sticky":false,"template":"","format":"standard","meta":{"footnotes":""},"categories":[20,27],"tags":[157,159,156,128,117,85,158],"class_list":["post-1942","post","type-post","status-publish","format-standard","has-post-thumbnail","hentry","category-roraima","category-saude","tag-campanha","tag-departamento-de-vigilancia-epidemiologica","tag-influenza","tag-ministerio-da-saude","tag-regiao-norte","tag-sesau","tag-ubs"],"_links":{"self":[{"href":"https:\/\/amororaima.com.br\/index.php\/wp-json\/wp\/v2\/posts\/1942","targetHints":{"allow":["GET"]}}],"collection":[{"href":"https:\/\/amororaima.com.br\/index.php\/wp-json\/wp\/v2\/posts"}],"about":[{"href":"https:\/\/amororaima.com.br\/index.php\/wp-json\/wp\/v2\/types\/post"}],"author":[{"embeddable":true,"href":"https:\/\/amororaima.com.br\/index.php\/wp-json\/wp\/v2\/users\/123458"}],"replies":[{"embeddable":true,"href":"https:\/\/amororaima.com.br\/index.php\/wp-json\/wp\/v2\/comments?post=1942"}],"version-history":[{"count":1,"href":"https:\/\/amororaima.com.br\/index.php\/wp-json\/wp\/v2\/posts\/1942\/revisions"}],"predecessor-version":[{"id":1944,"href":"https:\/\/amororaima.com.br\/index.php\/wp-json\/wp\/v2\/posts\/1942\/revisions\/1944"}],"wp:featuredmedia":[{"embeddable":true,"href":"https:\/\/amororaima.com.br\/index.php\/wp-json\/wp\/v2\/media\/1945"}],"wp:attachment":[{"href":"https:\/\/amororaima.com.br\/index.php\/wp-json\/wp\/v2\/media?parent=1942"}],"wp:term":[{"taxonomy":"category","embeddable":true,"href":"https:\/\/amororaima.com.br\/index.php\/wp-json\/wp\/v2\/categories?post=1942"},{"taxonomy":"post_tag","embeddable":true,"href":"https:\/\/amororaima.com.br\/index.php\/wp-json\/wp\/v2\/tags?post=1942"}],"curies":[{"name":"wp","href":"https:\/\/api.w.org\/{rel}","templated":true}]}}