{"id":1913,"date":"2024-09-04T12:31:00","date_gmt":"2024-09-04T15:31:00","guid":{"rendered":"https:\/\/amororaima.com.br\/?p=1913"},"modified":"2024-09-04T13:32:14","modified_gmt":"2024-09-04T16:32:14","slug":"roraima-e-o-segundo-estado-da-regiao-norte-em-numero-de-autuacoes-por-excesso-de-carga-em-rodovias-federais","status":"publish","type":"post","link":"https:\/\/amororaima.com.br\/index.php\/2024\/09\/04\/roraima-e-o-segundo-estado-da-regiao-norte-em-numero-de-autuacoes-por-excesso-de-carga-em-rodovias-federais\/","title":{"rendered":"Roraima \u00e9 o segundo estado da Regi\u00e3o Norte em n\u00famero de autua\u00e7\u00f5es por excesso de carga em rodovias federais"},"content":{"rendered":"\n<p>At\u00e9 agosto de 2024, a Pol\u00edcia Rodovi\u00e1ria Federal (PRF) j\u00e1 flagrou 293 ve\u00edculos com excesso de carga nas rodovias federais de Roraima, totalizando quase 2.800 toneladas de peso excedente.<\/p>\n\n\n\n<p>O n\u00famero de autua\u00e7\u00f5es teve um aumento de 37% em rela\u00e7\u00e3o ao mesmo per\u00edodo do ano passado, quando foram registradas 214 notifica\u00e7\u00f5es.<\/p>\n\n\n\n<p>Considerando os n\u00fameros absolutos da fiscaliza\u00e7\u00e3o da PRF, Roraima \u00e9 o segundo estado da Regi\u00e3o Norte em n\u00famero de autua\u00e7\u00f5es por excesso de carga em rodovias federais, ficando atr\u00e1s apenas do Par\u00e1, que possui uma malha rodovi\u00e1ria muito maior.<br>Al\u00e9m de infra\u00e7\u00e3o de tr\u00e2nsito, o excesso de peso no transporte rodovi\u00e1rio de cargas produz diversos reflexos nocivos para a seguran\u00e7a vi\u00e1ria, a exemplo da acelera\u00e7\u00e3o no desgaste da pavimenta\u00e7\u00e3o das vias, defeitos mec\u00e2nicos nos ve\u00edculos transportadores de carga, lentid\u00e3o no tr\u00e2nsito e acidentes.<\/p>\n\n\n\n<p>Para combater essa pr\u00e1tica, al\u00e9m da fiscaliza\u00e7\u00e3o rotineira, a PRF mant\u00e9m um planejamento operacional que prev\u00ea a\u00e7\u00f5es espec\u00edficas voltadas para a fiscaliza\u00e7\u00e3o do transporte de cargas, com foco no excesso de peso. Neste ano, 571 ve\u00edculos foram abordados nos 61 comandos realizados com essa finalidade.<\/p>\n\n\n\n<p>Os comandos de fiscaliza\u00e7\u00e3o de excesso de peso s\u00e3o feitos a partir do levantamento de dias, trechos e hor\u00e1rios com maiores registros da irregularidade e s\u00e3o executados por policiais que integram o Grupo de Fiscaliza\u00e7\u00e3o de Tr\u00e2nsito e Transportes (GFT) da PRF em Roraima.<\/p>\n\n\n\n<p>\u201cA PRF entende que um combate assertivo ao excesso de peso traz benef\u00edcios significativos para a seguran\u00e7a vi\u00e1ria, garantindo um tr\u00e2nsito mais seguro, estradas mais conservadas e protegendo vidas\u201d, refor\u00e7a Thiago Barbosa, chefe da Delegacia da PRF em Boa Vista.<\/p>\n","protected":false},"excerpt":{"rendered":"<p>At\u00e9 agosto de 2024, a Pol\u00edcia Rodovi\u00e1ria Federal (PRF) j\u00e1 flagrou 293 ve\u00edculos com excesso de carga nas rodovias federais de Roraima, totalizando quase 2.800 toneladas de peso excedente. O n\u00famero de autua\u00e7\u00f5es teve um aumento de 37% em rela\u00e7\u00e3o ao mesmo per\u00edodo do ano passado, quando foram registradas 214 notifica\u00e7\u00f5es. Considerando os n\u00fameros absolutos [&hellip;]<\/p>\n","protected":false},"author":123458,"featured_media":1914,"comment_status":"closed","ping_status":"closed","sticky":false,"template":"","format":"standard","meta":{"footnotes":""},"categories":[28,20],"tags":[116,119,118,114,117,115],"class_list":["post-1913","post","type-post","status-publish","format-standard","has-post-thumbnail","hentry","category-geral","category-roraima","tag-excesso-de-carga","tag-gft","tag-para","tag-prf","tag-regiao-norte","tag-rodovias-federais"],"_links":{"self":[{"href":"https:\/\/amororaima.com.br\/index.php\/wp-json\/wp\/v2\/posts\/1913","targetHints":{"allow":["GET"]}}],"collection":[{"href":"https:\/\/amororaima.com.br\/index.php\/wp-json\/wp\/v2\/posts"}],"about":[{"href":"https:\/\/amororaima.com.br\/index.php\/wp-json\/wp\/v2\/types\/post"}],"author":[{"embeddable":true,"href":"https:\/\/amororaima.com.br\/index.php\/wp-json\/wp\/v2\/users\/123458"}],"replies":[{"embeddable":true,"href":"https:\/\/amororaima.com.br\/index.php\/wp-json\/wp\/v2\/comments?post=1913"}],"version-history":[{"count":1,"href":"https:\/\/amororaima.com.br\/index.php\/wp-json\/wp\/v2\/posts\/1913\/revisions"}],"predecessor-version":[{"id":1915,"href":"https:\/\/amororaima.com.br\/index.php\/wp-json\/wp\/v2\/posts\/1913\/revisions\/1915"}],"wp:featuredmedia":[{"embeddable":true,"href":"https:\/\/amororaima.com.br\/index.php\/wp-json\/wp\/v2\/media\/1914"}],"wp:attachment":[{"href":"https:\/\/amororaima.com.br\/index.php\/wp-json\/wp\/v2\/media?parent=1913"}],"wp:term":[{"taxonomy":"category","embeddable":true,"href":"https:\/\/amororaima.com.br\/index.php\/wp-json\/wp\/v2\/categories?post=1913"},{"taxonomy":"post_tag","embeddable":true,"href":"https:\/\/amororaima.com.br\/index.php\/wp-json\/wp\/v2\/tags?post=1913"}],"curies":[{"name":"wp","href":"https:\/\/api.w.org\/{rel}","templated":true}]}}