{"id":1878,"date":"2024-09-03T09:00:00","date_gmt":"2024-09-03T12:00:00","guid":{"rendered":"https:\/\/amororaima.com.br\/?p=1878"},"modified":"2024-09-03T10:03:47","modified_gmt":"2024-09-03T13:03:47","slug":"homem-e-preso-suspeito-de-estuprar-e-torturar-duas-filhas-em-comunidade-indigena-no-municipio-de-bonfim-norte-de-roraima","status":"publish","type":"post","link":"https:\/\/amororaima.com.br\/index.php\/2024\/09\/03\/homem-e-preso-suspeito-de-estuprar-e-torturar-duas-filhas-em-comunidade-indigena-no-municipio-de-bonfim-norte-de-roraima\/","title":{"rendered":"Homem \u00e9 preso suspeito de estuprar e torturar duas filhas em comunidade ind\u00edgena no munic\u00edpio de Bonfim, Norte de Roraima"},"content":{"rendered":"\n<p>Um homem de 47 anos foi preso nesta segunda-feira (2) suspeito de torturar e estuprar duas filhas no munic\u00edpio de Bonfim, Norte de Roraima. As informa\u00e7\u00f5es foram divulgadas pela Pol\u00edcia Civil na manh\u00e3 desta ter\u00e7a (3).<\/p>\n\n\n\n<p>O mandado de pris\u00e3o preventiva foi cumprido na Comunidade Ind\u00edgena Jacamim, localizada na \u00e1rea rural de Bonfim.<\/p>\n\n\n\n<p>As investiga\u00e7\u00f5es, segundo o delegado Hugo Cardias, tiveram in\u00edcio h\u00e1 cerca de um m\u00eas, ap\u00f3s o Conselho Tutelar do munic\u00edpio receber informa\u00e7\u00f5es de que uma das filhas do suspeito, atualmente com 16 anos, vinha, desde os 12, sendo estuprada pelo pr\u00f3prio pai.<\/p>\n\n\n\n<p>No decorrer das apura\u00e7\u00f5es, a equipe da delegacia de Bonfim descobriu que a irm\u00e3 mais nova da v\u00edtima, atualmente com 13 anos, tamb\u00e9m era abusada desde os 12 e submetida a torturas.<\/p>\n\n\n\n<p>A pol\u00edcia apurou ainda que o homem usava uma mistura de pimenta, que era introduzida nas narinas das meninas para silenci\u00e1-las e impedir que revelassem os crimes.<\/p>\n\n\n\n<p>Diante das evid\u00eancias, o delegado representou pela pris\u00e3o preventiva do suspeito, que foi prontamente deferida pelo Poder Judici\u00e1rio e executada pela equipe de investiga\u00e7\u00e3o local.<\/p>\n\n\n\n<p>De acordo com Hugo Cardias, ao ser preso, ele negou as acusa\u00e7\u00f5es, que foram confirmadas pelas v\u00edtimas. As duas foram encaminhadas para atendimento m\u00e9dico, exame pericial e acompanhamento pelo Conselho Tutelar. O pai das v\u00edtimas foi levado para audi\u00eancia de cust\u00f3dia.<\/p>\n","protected":false},"excerpt":{"rendered":"<p>Um homem de 47 anos foi preso nesta segunda-feira (2) suspeito de torturar e estuprar duas filhas no munic\u00edpio de Bonfim, Norte de Roraima. As informa\u00e7\u00f5es foram divulgadas pela Pol\u00edcia Civil na manh\u00e3 desta ter\u00e7a (3). O mandado de pris\u00e3o preventiva foi cumprido na Comunidade Ind\u00edgena Jacamim, localizada na \u00e1rea rural de Bonfim. As investiga\u00e7\u00f5es, [&hellip;]<\/p>\n","protected":false},"author":123458,"featured_media":1879,"comment_status":"closed","ping_status":"closed","sticky":false,"template":"","format":"standard","meta":{"footnotes":""},"categories":[34,20],"tags":[56,59,54,57,55,58],"class_list":["post-1878","post","type-post","status-publish","format-standard","has-post-thumbnail","hentry","category-policia","category-roraima","tag-comunidade-indigena-jacamim","tag-conselho-tutelar","tag-delegacia-de-bonfim","tag-estupro","tag-policia-civil-2","tag-tortura"],"_links":{"self":[{"href":"https:\/\/amororaima.com.br\/index.php\/wp-json\/wp\/v2\/posts\/1878","targetHints":{"allow":["GET"]}}],"collection":[{"href":"https:\/\/amororaima.com.br\/index.php\/wp-json\/wp\/v2\/posts"}],"about":[{"href":"https:\/\/amororaima.com.br\/index.php\/wp-json\/wp\/v2\/types\/post"}],"author":[{"embeddable":true,"href":"https:\/\/amororaima.com.br\/index.php\/wp-json\/wp\/v2\/users\/123458"}],"replies":[{"embeddable":true,"href":"https:\/\/amororaima.com.br\/index.php\/wp-json\/wp\/v2\/comments?post=1878"}],"version-history":[{"count":1,"href":"https:\/\/amororaima.com.br\/index.php\/wp-json\/wp\/v2\/posts\/1878\/revisions"}],"predecessor-version":[{"id":1880,"href":"https:\/\/amororaima.com.br\/index.php\/wp-json\/wp\/v2\/posts\/1878\/revisions\/1880"}],"wp:featuredmedia":[{"embeddable":true,"href":"https:\/\/amororaima.com.br\/index.php\/wp-json\/wp\/v2\/media\/1879"}],"wp:attachment":[{"href":"https:\/\/amororaima.com.br\/index.php\/wp-json\/wp\/v2\/media?parent=1878"}],"wp:term":[{"taxonomy":"category","embeddable":true,"href":"https:\/\/amororaima.com.br\/index.php\/wp-json\/wp\/v2\/categories?post=1878"},{"taxonomy":"post_tag","embeddable":true,"href":"https:\/\/amororaima.com.br\/index.php\/wp-json\/wp\/v2\/tags?post=1878"}],"curies":[{"name":"wp","href":"https:\/\/api.w.org\/{rel}","templated":true}]}}