{"id":1816,"date":"2024-08-21T20:07:12","date_gmt":"2024-08-21T23:07:12","guid":{"rendered":"https:\/\/amororaima.com.br\/?p=1816"},"modified":"2024-08-21T20:07:15","modified_gmt":"2024-08-21T23:07:15","slug":"padre-gravou-abuso-com-adolescentes-forcou-aborto-e-enterrou-feto-no-amazonas","status":"publish","type":"post","link":"https:\/\/amororaima.com.br\/index.php\/2024\/08\/21\/padre-gravou-abuso-com-adolescentes-forcou-aborto-e-enterrou-feto-no-amazonas\/","title":{"rendered":"Padre gravou abuso com adolescentes, for\u00e7ou aborto e enterrou feto no Amazonas"},"content":{"rendered":"\n<p>No \u00faltimo domingo (18), o p\u00e1roco Paulo Ara\u00fajo da Silva, 31, foi preso em casa por ordem da Justi\u00e7a no munic\u00edpio de Coari (363 km de Manaus). Segundo a Pol\u00edcia Civil do Amazonas, o padre est\u00e1 sendo investigado pela suposta pr\u00e1tica dos crimes de filmar e produzir cenas de sexo expl\u00edcito com adolescente, explora\u00e7\u00e3o sexual, aborto e amea\u00e7a.<\/p>\n\n\n\n<p>No notebook de Paulo havia mais de 260 v\u00eddeos com cenas de sexo, que est\u00e3o sendo analisadas pelas autoridades, al\u00e9m de ser suspeito de amea\u00e7ar e obrigar uma adolescente que engravidou a praticar aborto e enterrando o feto ap\u00f3s expelido no quintal da casa de um amigo. <\/p>\n\n\n\n<p>Segundo o delegado-adjunto da Pol\u00edcia Civil do Amazonas, Guilherme Torres, a opera\u00e7\u00e3o foi deflagrada ap\u00f3s ordem de mandado de busca e apreens\u00e3o e de pris\u00e3o contra o padre. &#8220;At\u00e9 agora, n\u00f3s temos quatro v\u00edtimas ouvidas. S\u00e3o crimes graves&#8221;, cita ele, afirmando que a Igreja Cat\u00f3lica no Amazonas colaborou com as investiga\u00e7\u00f5es.<\/p>\n\n\n\n<p>De acordo com a p\u00e1gina da Igreja, ele \u00e9 natural da cidade e foi ordenado padre em novembro de 2018. A Diocese de Coari emitiu nota informando o afastamento do padre, est\u00e3o colaborando com as autoridades na investiga\u00e7\u00e3o e pedindo perd\u00e3o pelos supostos atos criminosos de Paulo. <\/p>\n\n\n\n<p>Nos depoimentos, as jovens citaram que, al\u00e9m de manter rela\u00e7\u00f5es sexuais, o padre pedia para que ela trouxesse outras amigas e para que tivessem &#8220;rela\u00e7\u00f5es sexuais em conjunto.&#8221; &#8220;A gente aproveita para pedir que outras v\u00edtimas procurem a delegacia para relatar casos&#8221;, disse.<\/p>\n\n\n\n<p>O delegado Jos\u00e9 Barradas, da Delegacia Interativa de Pol\u00edcia de Coari, explica que as investiga\u00e7\u00f5es come\u00e7aram ap\u00f3s uma den\u00fancia an\u00f4nima pelo Disque 100, em setembro de 2023, de que uma adolescente de 17 anos seria v\u00edtima de explora\u00e7\u00e3o e amea\u00e7as do padre nos \u00faltimos tr\u00eas anos.<\/p>\n\n\n\n<p>&#8220;Ela citou v\u00e1rios tipos de crimes: grava\u00e7\u00e3o de v\u00eddeos envolvendo menores, aborto, amea\u00e7a, viol\u00eancia dom\u00e9stica. Em depoimento, essa menor narrou que desde os 14 anos tinha rela\u00e7\u00e3o sexual com o padre&#8221;, disse o Delegado Jos\u00e9 Barradas.<\/p>\n\n\n\n<p>No caso, a adolescente citou que, no ano passado, engravidou do padre, e ele o obrigou a abortar. O crime ocorreu com a participa\u00e7\u00e3o de um amigo do padre, que levou um medicamento, e ela foi obrigada a ingerir. Esse amigo, identificado como Francisco Rayner, est\u00e1 sendo procurado, e a pol\u00edcia publicou cartaz de busca com a foto dele.<\/p>\n\n\n\n<p>&#8220;Ela abortou, o feto foi expelido, e no quintal da casa do Francisco [amigo do padre], ele [padre] enterrou o feto. O fato foi constatado tanto por votos, como pelo depoimento da v\u00edtima&#8221;, complementou Barradas.<\/p>\n\n\n\n<p>Com o padre, foram encontrados mais de 260 v\u00eddeos com cenas filmadas por ele praticando sexo com adolescentes e mulheres. O notebook foi apreendido e passa por per\u00edcia. Ele ainda tinha R$ 30 mil em casa, o dinheiro foi apreendido.<\/p>\n\n\n\n<p>Outro detalhe: no momento do cumprimento do mandado de pris\u00e3o, o padre estava tendo rela\u00e7\u00f5es sexuais com uma jovem que tinha completado 18 anos recentemente.<\/p>\n\n\n\n<p>Segundo o delegado, Paulo amea\u00e7ava as v\u00edtimas.<\/p>\n\n\n\n<p>&#8220;O modus operandi do padre era obrigar as v\u00edtimas a ficarem com ele. Ele dizia assim: &#8216;voc\u00ea \u00e9 minha; voc\u00ea me pertence; se voc\u00ea n\u00e3o ficar comigo, n\u00e3o ficar\u00e1 mais com ningu\u00e9m&#8217;.&#8221;, apontou o Delegado.<\/p>\n\n\n\n<p>Em nota assinada pelo padre Josinaldo Placido da Silva, a Diocese de Coari manifestou &#8220;rep\u00fadio a toda forma de abuso e explora\u00e7\u00e3o.&#8221;<\/p>\n\n\n\n<figure class=\"wp-block-image size-full is-resized\"><img decoding=\"async\" src=\"https:\/\/partiuroraima.com.br\/wp-content\/uploads\/2024\/08\/image-2.png\" alt=\"\" class=\"wp-image-2545\" style=\"width:408px;height:auto\"\/><\/figure>\n\n\n\n<p><em><strong>Com informa\u00e7\u00f5es de OUL*<\/strong><\/em><\/p>\n\n\n\n<p><\/p>\n","protected":false},"excerpt":{"rendered":"<p>Segundo o delegado-adjunto da Pol\u00edcia Civil do Amazonas, a opera\u00e7\u00e3o foi deflagrada ap\u00f3s ordem de mandado de busca e apreens\u00e3o e de pris\u00e3o contra o padre<\/p>\n","protected":false},"author":123457,"featured_media":1818,"comment_status":"open","ping_status":"open","sticky":false,"template":"","format":"standard","meta":{"footnotes":""},"categories":[19,34],"tags":[],"class_list":["post-1816","post","type-post","status-publish","format-standard","has-post-thumbnail","hentry","category-brasil","category-policia"],"_links":{"self":[{"href":"https:\/\/amororaima.com.br\/index.php\/wp-json\/wp\/v2\/posts\/1816","targetHints":{"allow":["GET"]}}],"collection":[{"href":"https:\/\/amororaima.com.br\/index.php\/wp-json\/wp\/v2\/posts"}],"about":[{"href":"https:\/\/amororaima.com.br\/index.php\/wp-json\/wp\/v2\/types\/post"}],"author":[{"embeddable":true,"href":"https:\/\/amororaima.com.br\/index.php\/wp-json\/wp\/v2\/users\/123457"}],"replies":[{"embeddable":true,"href":"https:\/\/amororaima.com.br\/index.php\/wp-json\/wp\/v2\/comments?post=1816"}],"version-history":[{"count":2,"href":"https:\/\/amororaima.com.br\/index.php\/wp-json\/wp\/v2\/posts\/1816\/revisions"}],"predecessor-version":[{"id":1819,"href":"https:\/\/amororaima.com.br\/index.php\/wp-json\/wp\/v2\/posts\/1816\/revisions\/1819"}],"wp:featuredmedia":[{"embeddable":true,"href":"https:\/\/amororaima.com.br\/index.php\/wp-json\/wp\/v2\/media\/1818"}],"wp:attachment":[{"href":"https:\/\/amororaima.com.br\/index.php\/wp-json\/wp\/v2\/media?parent=1816"}],"wp:term":[{"taxonomy":"category","embeddable":true,"href":"https:\/\/amororaima.com.br\/index.php\/wp-json\/wp\/v2\/categories?post=1816"},{"taxonomy":"post_tag","embeddable":true,"href":"https:\/\/amororaima.com.br\/index.php\/wp-json\/wp\/v2\/tags?post=1816"}],"curies":[{"name":"wp","href":"https:\/\/api.w.org\/{rel}","templated":true}]}}