{"id":1539,"date":"2024-03-01T11:59:36","date_gmt":"2024-03-01T14:59:36","guid":{"rendered":"https:\/\/amororaima.com.br\/?p=1539"},"modified":"2024-08-12T11:35:36","modified_gmt":"2024-08-12T14:35:36","slug":"1-caso-de-febre-oropouche-confirmado-no-brasil-conheca-os-sintomas-da-doenca","status":"publish","type":"post","link":"https:\/\/amororaima.com.br\/index.php\/2024\/03\/01\/1-caso-de-febre-oropouche-confirmado-no-brasil-conheca-os-sintomas-da-doenca\/","title":{"rendered":"1\u00b0 caso de Febre Oropouche confirmado no Brasil: conhe\u00e7a os sintomas da doen\u00e7a"},"content":{"rendered":"\n<figure class=\"wp-block-image size-full\"><img decoding=\"async\" src=\"https:\/\/portalrr.com.br\/wp-content\/uploads\/2024\/03\/image.png\" alt=\"\" class=\"wp-image-1422\"\/><\/figure>\n\n\n\n<p>A Secretaria de Estado da Sa\u00fade (SES-RJ) confirmou nesta quinta-feira o primeiro caso de infec\u00e7\u00e3o por febre de Oroporchi no estado do Rio de Janeiro. A v\u00edtima \u00e9 um morador  de 42 anos do bairro Humait\u00e1, zona sul do Rio de Janeiro, com hist\u00f3rico de viagens \u00e0 Amaz\u00f4nia.<\/p>\n\n\n\n<p>O diagn\u00f3stico foi feito pelo Instituto Nacional de Infectologia Evandro Chagas (INI) da Funda\u00e7\u00e3o Oswaldo Cruz (FioCruz). Ele est\u00e1 sendo acompanhado pela Vigil\u00e2ncia Sanit\u00e1ria da Prefeitura do Rio de Janeiro. O homem n\u00e3o foi hospitalizado durante a doen\u00e7a e seu estado evolui bem. <\/p>\n\n\n\n<h2 class=\"wp-block-heading\">Qual a diferen\u00e7a da Febre Oropouche para a Dengue?<\/h2>\n\n\n\n<p>Devido as semelhan\u00e7as de seus sintomas com os da dengue, a vigil\u00e2ncia epidemiol\u00f3gica (a\u00e7\u00f5es que promovem a detec\u00e7\u00e3o e preven\u00e7\u00e3o de doen\u00e7as) exerce um papel crucial no controle dos casos. O diagn\u00f3stico aumenta a suspeita cl\u00ednica para outras doen\u00e7as e permite uma an\u00e1lise laboratorial que pode revelar outras arboviroses, como a febre ou a dengue. <\/p>\n\n\n\n<h2 class=\"wp-block-heading\">Sintomas da Febre Oropouche<\/h2>\n\n\n\n<p>Os sintomas, muito similares \u00e0&nbsp;dengue&nbsp;e \u00e0 chikungunya, duram entre dois e sete dias e incluem:<\/p>\n\n\n\n<ul class=\"wp-block-list\">\n<li>Febre de in\u00edcio s\u00fabito;<\/li>\n\n\n\n<li>Dor de cabe\u00e7a intensa;<\/li>\n\n\n\n<li>Dor nas costas e na lombar;<\/li>\n\n\n\n<li>Dor articular;<\/li>\n\n\n\n<li>Tosse;<\/li>\n\n\n\n<li>Tontura;<\/li>\n\n\n\n<li>Dor atr\u00e1s dos olhos;<\/li>\n\n\n\n<li>Erup\u00e7\u00f5es cut\u00e2neas;<\/li>\n\n\n\n<li>Calafrios;<\/li>\n\n\n\n<li>Fotofobia;<\/li>\n\n\n\n<li>N\u00e1useas;<\/li>\n\n\n\n<li>V\u00f4mitos.<\/li>\n<\/ul>\n\n\n\n<h2 class=\"wp-block-heading\">Tratamento da Febre Oropouche<\/h2>\n\n\n\n<p>O Minist\u00e9rio da Sa\u00fade recomenda que os pacientes descansem, recebam tratamento para os sintomas e sejam acompanhados por m\u00e9dicos. Mesmo sem tratamento espec\u00edfico, para prevenir a doen\u00e7a s\u00e3o aconselh\u00e1veis as mesmas medidas de preven\u00e7\u00e3o \u00e0 dengue:<\/p>\n\n\n\n<ul class=\"wp-block-list\">\n<li>Evitar \u00e1reas com muitos mosquitos, se poss\u00edvel.<\/li>\n\n\n\n<li>Usar roupas que cubram o corpo e aplicar repelente nas \u00e1reas expostas da pele.<\/li>\n\n\n\n<li>Manter a casa limpa, eliminando poss\u00edveis locais de reprodu\u00e7\u00e3o de mosquitos, como \u00e1gua parada e folhas acumuladas.<\/li>\n<\/ul>\n\n\n\n<h2 class=\"wp-block-heading\">O que \u00e9 a Febre Oropouche?<\/h2>\n\n\n\n<p>A febre Oropouche<strong>&nbsp;\u00e9 uma doen\u00e7a causada por um arbov\u00edrus do g\u00eanero Orthobunyavirus<\/strong>, da fam\u00edlia Peribunyaviridae. A transmiss\u00e3o acontece por mosquitos, sobretudo pelo Culicoides paraensis, conhecido popularmente como maruim e pelo Culex quinquefasciatus, conhecido como pernilongo.<\/p>\n","protected":false},"excerpt":{"rendered":"<p>A v\u00edtima \u00e9 um morador  de 42 anos do bairro Humait\u00e1, zona sul do Rio de Janeiro, com hist\u00f3rico de viagens \u00e0 Amaz\u00f4nia<\/p>\n","protected":false},"author":123456,"featured_media":1540,"comment_status":"closed","ping_status":"open","sticky":false,"template":"","format":"standard","meta":{"footnotes":""},"categories":[27],"tags":[],"class_list":["post-1539","post","type-post","status-publish","format-standard","has-post-thumbnail","hentry","category-saude"],"_links":{"self":[{"href":"https:\/\/amororaima.com.br\/index.php\/wp-json\/wp\/v2\/posts\/1539","targetHints":{"allow":["GET"]}}],"collection":[{"href":"https:\/\/amororaima.com.br\/index.php\/wp-json\/wp\/v2\/posts"}],"about":[{"href":"https:\/\/amororaima.com.br\/index.php\/wp-json\/wp\/v2\/types\/post"}],"author":[{"embeddable":true,"href":"https:\/\/amororaima.com.br\/index.php\/wp-json\/wp\/v2\/users\/123456"}],"replies":[{"embeddable":true,"href":"https:\/\/amororaima.com.br\/index.php\/wp-json\/wp\/v2\/comments?post=1539"}],"version-history":[{"count":1,"href":"https:\/\/amororaima.com.br\/index.php\/wp-json\/wp\/v2\/posts\/1539\/revisions"}],"predecessor-version":[{"id":1541,"href":"https:\/\/amororaima.com.br\/index.php\/wp-json\/wp\/v2\/posts\/1539\/revisions\/1541"}],"wp:featuredmedia":[{"embeddable":true,"href":"https:\/\/amororaima.com.br\/index.php\/wp-json\/wp\/v2\/media\/1540"}],"wp:attachment":[{"href":"https:\/\/amororaima.com.br\/index.php\/wp-json\/wp\/v2\/media?parent=1539"}],"wp:term":[{"taxonomy":"category","embeddable":true,"href":"https:\/\/amororaima.com.br\/index.php\/wp-json\/wp\/v2\/categories?post=1539"},{"taxonomy":"post_tag","embeddable":true,"href":"https:\/\/amororaima.com.br\/index.php\/wp-json\/wp\/v2\/tags?post=1539"}],"curies":[{"name":"wp","href":"https:\/\/api.w.org\/{rel}","templated":true}]}}